{"id":9396,"date":"2023-11-06T09:44:24","date_gmt":"2023-11-06T12:44:24","guid":{"rendered":"https:\/\/prodelcobre.cl\/nueva\/?p=9396"},"modified":"2023-11-06T09:44:25","modified_gmt":"2023-11-06T12:44:25","slug":"hydroprocess-2023-abordara-los-principales-avances-en-los-procesos-hidrometalurgicos-en-mineria","status":"publish","type":"post","link":"https:\/\/prodelcobre.cl\/nueva\/hydroprocess-2023-abordara-los-principales-avances-en-los-procesos-hidrometalurgicos-en-mineria\/","title":{"rendered":"Hydroprocess 2023 abordar\u00e1 los principales avances en los procesos hidrometal\u00fargicos en miner\u00eda"},"content":{"rendered":"\n<h2 class=\"wp-block-heading\">El encuentro se desarrollar\u00e1 desde el pr\u00f3ximo 7 al 9 de noviembre y contar\u00e1 con la participaci\u00f3n de ejecutivos y profesionales de 16 pa\u00edses.<\/h2>\n\n\n\n<p class=\"has-medium-font-size\">La&nbsp;<strong>14\u00b0 Conferencia Internacional de Procesos Hidrometal\u00fargicos \u2013 Hydroprocess 2023<\/strong>, celebrar\u00e1 una nueva edici\u00f3n en donde diversos ejecutivos, profesionales y acad\u00e9micos del \u00e1rea podr\u00e1n compartir sus experiencias en esta materia. La conferencia es organizada por la Universidad de Antofagasta, Universidad de British Columbia y Gecamin.<\/p>\n\n\n\n<p class=\"has-medium-font-size\"><strong>Seg\u00fan indic\u00f3 la organizaci\u00f3n en su nota de prensa, el evento<\/strong> considera la realizaci\u00f3n de m\u00e1s de&nbsp;<strong>95 presentaciones<\/strong>&nbsp;con autores de&nbsp;<strong>16 pa\u00edses<\/strong>&nbsp;y en donde&nbsp;<strong>25 charlas corresponden a profesionales de operaciones mineras<\/strong>. Dentro de las tem\u00e1ticas que se abordar\u00e1n este a\u00f1o se encuentra la hidrometalurgia de metales base, metales preciosos, elementos no-met\u00e1licos y tierras raras, innovaci\u00f3n y mejoramiento en los procesos hidrometal\u00fargicos, procesamiento hidrometal\u00fargico del litio y compuestos salinos; lixiviaci\u00f3n y biolixiviaci\u00f3n de minerales sulfurados y de concentrados; recuperaci\u00f3n hidrometal\u00fargica de elementos menores desde residuos mineros; Reciclaje de metales y aleaciones, entre muchos otros interesantes temas.<\/p>\n\n\n\n<p class=\"has-medium-font-size\">En su decimocuarta versi\u00f3n, la conferencia cuenta con la destacada participaci\u00f3n de ejecutivos quienes dictar\u00e1n diversas charlas plenarias en los 3 d\u00edas del evento, destacamos la presencia de&nbsp;<strong>B\u00e1rbara Valdivia<\/strong>, Directora de Desarrollo Hidrometal\u00fargico S\u00falfuros, Distrito Norte, Codelco (Chile),&nbsp;<strong>Saddy Peroncini<\/strong>, Gerente Planta de \u00d3xidos, Mina Justa, Marcobre (Per\u00fa);&nbsp;<strong>Pablo Carvallo<\/strong>, Gerente General, Compa\u00f1\u00eda Minera Lomas Bayas, Glencore (Chile);&nbsp;<strong>Gonzalo Barcos<\/strong>, Gerente de Planta C\u00e1todos, Minera Centinela, Antofagasta Minerals (Chile);&nbsp;<strong>Carlos D\u00edaz<\/strong>, Vicepresidente Divisi\u00f3n Negocio Litio, SQM (Chile); y&nbsp;<strong>Percy Ponce<\/strong>, Gerente de Metalurgia y Desarrollo de Negocios, Compa\u00f1\u00eda de Minas Buenaventura (Per\u00fa).<\/p>\n\n\n\n<p class=\"has-medium-font-size\"><strong>Hydroprocess 2023<\/strong>&nbsp;se desarrollar\u00e1 de manera \u00edntegra en el Hotel Sheraton Santiago desde el 7 al 9 de noviembre. Mayor informaci\u00f3n sobre la conferencia y detalles del programa t\u00e9cnico se pueden encontrar en el sitio web del evento: gecamin.com\/hydroprocess.<\/p>\n","protected":false},"excerpt":{"rendered":"<p>El encuentro se desarrollar\u00e1 desde el pr\u00f3ximo 7 al 9 de noviembre y contar\u00e1 con la participaci\u00f3n de<\/p>\n","protected":false},"author":3,"featured_media":9397,"comment_status":"closed","ping_status":"closed","sticky":false,"template":"","format":"standard","meta":{"footnotes":""},"categories":[51,52],"tags":[386,89],"class_list":["post-9396","post","type-post","status-publish","format-standard","has-post-thumbnail","hentry","category-chile","category-noticias","tag-eventos","tag-mineria-4"],"rttpg_featured_image_url":{"full":["https:\/\/prodelcobre.cl\/nueva\/wp-content\/uploads\/2023\/11\/Cortesia-de-Minera-Zaldivar.jpg",1280,854,false],"landscape":["https:\/\/prodelcobre.cl\/nueva\/wp-content\/uploads\/2023\/11\/Cortesia-de-Minera-Zaldivar.jpg",1280,854,false],"portraits":["https:\/\/prodelcobre.cl\/nueva\/wp-content\/uploads\/2023\/11\/Cortesia-de-Minera-Zaldivar.jpg",1280,854,false],"thumbnail":["https:\/\/prodelcobre.cl\/nueva\/wp-content\/uploads\/2023\/11\/Cortesia-de-Minera-Zaldivar-150x150.jpg",150,150,true],"medium":["https:\/\/prodelcobre.cl\/nueva\/wp-content\/uploads\/2023\/11\/Cortesia-de-Minera-Zaldivar.jpg",1280,854,false],"large":["https:\/\/prodelcobre.cl\/nueva\/wp-content\/uploads\/2023\/11\/Cortesia-de-Minera-Zaldivar.jpg",1280,854,false],"1536x1536":["https:\/\/prodelcobre.cl\/nueva\/wp-content\/uploads\/2023\/11\/Cortesia-de-Minera-Zaldivar.jpg",1280,854,false],"2048x2048":["https:\/\/prodelcobre.cl\/nueva\/wp-content\/uploads\/2023\/11\/Cortesia-de-Minera-Zaldivar.jpg",1280,854,false],"morenews-featured":["https:\/\/prodelcobre.cl\/nueva\/wp-content\/uploads\/2023\/11\/Cortesia-de-Minera-Zaldivar-1024x683.jpg",1024,683,true],"morenews-large":["https:\/\/prodelcobre.cl\/nueva\/wp-content\/uploads\/2023\/11\/Cortesia-de-Minera-Zaldivar-825x575.jpg",825,575,true],"morenews-medium":["https:\/\/prodelcobre.cl\/nueva\/wp-content\/uploads\/2023\/11\/Cortesia-de-Minera-Zaldivar-590x410.jpg",590,410,true],"psacp-medium":["https:\/\/prodelcobre.cl\/nueva\/wp-content\/uploads\/2023\/11\/Cortesia-de-Minera-Zaldivar.jpg",500,334,false]},"rttpg_author":{"display_name":"Francisco P\u00e9rez Alvi\u00e1rez","author_link":"https:\/\/prodelcobre.cl\/nueva\/author\/fperez\/"},"rttpg_comment":0,"rttpg_category":"<a href=\"https:\/\/prodelcobre.cl\/nueva\/category\/chile\/\" rel=\"category tag\">Chile<\/a> <a href=\"https:\/\/prodelcobre.cl\/nueva\/category\/noticias\/\" rel=\"category tag\">Noticias<\/a>","rttpg_excerpt":"El encuentro se desarrollar\u00e1 desde el pr\u00f3ximo 7 al 9 de noviembre y contar\u00e1 con la participaci\u00f3n de","_links":{"self":[{"href":"https:\/\/prodelcobre.cl\/nueva\/wp-json\/wp\/v2\/posts\/9396","targetHints":{"allow":["GET"]}}],"collection":[{"href":"https:\/\/prodelcobre.cl\/nueva\/wp-json\/wp\/v2\/posts"}],"about":[{"href":"https:\/\/prodelcobre.cl\/nueva\/wp-json\/wp\/v2\/types\/post"}],"author":[{"embeddable":true,"href":"https:\/\/prodelcobre.cl\/nueva\/wp-json\/wp\/v2\/users\/3"}],"replies":[{"embeddable":true,"href":"https:\/\/prodelcobre.cl\/nueva\/wp-json\/wp\/v2\/comments?post=9396"}],"version-history":[{"count":1,"href":"https:\/\/prodelcobre.cl\/nueva\/wp-json\/wp\/v2\/posts\/9396\/revisions"}],"predecessor-version":[{"id":9398,"href":"https:\/\/prodelcobre.cl\/nueva\/wp-json\/wp\/v2\/posts\/9396\/revisions\/9398"}],"wp:featuredmedia":[{"embeddable":true,"href":"https:\/\/prodelcobre.cl\/nueva\/wp-json\/wp\/v2\/media\/9397"}],"wp:attachment":[{"href":"https:\/\/prodelcobre.cl\/nueva\/wp-json\/wp\/v2\/media?parent=9396"}],"wp:term":[{"taxonomy":"category","embeddable":true,"href":"https:\/\/prodelcobre.cl\/nueva\/wp-json\/wp\/v2\/categories?post=9396"},{"taxonomy":"post_tag","embeddable":true,"href":"https:\/\/prodelcobre.cl\/nueva\/wp-json\/wp\/v2\/tags?post=9396"}],"curies":[{"name":"wp","href":"https:\/\/api.w.org\/{rel}","templated":true}]}}