{"id":9399,"date":"2023-11-06T09:55:40","date_gmt":"2023-11-06T12:55:40","guid":{"rendered":"https:\/\/prodelcobre.cl\/nueva\/?p=9399"},"modified":"2023-11-06T09:55:41","modified_gmt":"2023-11-06T12:55:41","slug":"diputados-solicitaron-a-boric-medidas-para-potenciar-la-explotacion-del-litio-y-financiar-pgu","status":"publish","type":"post","link":"https:\/\/prodelcobre.cl\/nueva\/diputados-solicitaron-a-boric-medidas-para-potenciar-la-explotacion-del-litio-y-financiar-pgu\/","title":{"rendered":"Diputados solicitaron a Boric medidas para potenciar la explotaci\u00f3n del litio y financiar PGU"},"content":{"rendered":"\n<h2 class=\"wp-block-heading\">La C\u00e1mara aprob\u00f3 una resoluci\u00f3n para potenciar la explotaci\u00f3n del litio en el corto plazo y destinar su recaudaci\u00f3n a financiar la PGU.<\/h2>\n\n\n\n<p class=\"has-medium-font-size\">Con 84 votos a favor, 8 en contra y 27 abstenciones, la&nbsp;C\u00e1mara de Diputadas y Diputados&nbsp;aprob\u00f3 la&nbsp;resoluci\u00f3n 681, donde le poden al presidente Boric&nbsp;<strong>acelerar los procedimientos legales y administrativos para impulsar la explotaci\u00f3n del litio,<\/strong>&nbsp;cuanto antes. <\/p>\n\n\n\n<p class=\"has-medium-font-size\">Los parlamentarios indicaron que la disposici\u00f3n pide&nbsp;<strong>los recursos que se obtengan de esta actividad, a trav\u00e9s de un royalty,&nbsp;<\/strong>se utilicen para el financiamiento de la Pensi\u00f3n Garantizada Universal (PGU). La<strong>&nbsp;resoluci\u00f3n tambi\u00e9n precisa que durante a\u00f1os ha habido dificultades para llegar un consenso en la explotaci\u00f3n de este recurso.&nbsp;<\/strong>Ello, a pesar de que su potenciamiento permitir\u00eda aumentar significativamente las arcas fiscales y financiar muchas pol\u00edticas p\u00fablicas.<\/p>\n\n\n\n<p class=\"has-medium-font-size\">El documento fue elevado por los diputados UDI, Marta Bravo, Fernando B\u00f3rquez, \u00c1lvaro Carter, Crist\u00f3bal Mart\u00ednez, Marco Antonio Sulantay, Renzo Trisotti, Gast\u00f3n Von M\u00fchlenbrock y Flor Weisse. Firman, adem\u00e1s, las independientes Marlene P\u00e9rez y Natalia Romero.<\/p>\n","protected":false},"excerpt":{"rendered":"<p>La C\u00e1mara aprob\u00f3 una resoluci\u00f3n para potenciar la explotaci\u00f3n del litio en el corto plazo y destinar su<\/p>\n","protected":false},"author":3,"featured_media":5654,"comment_status":"closed","ping_status":"closed","sticky":false,"template":"","format":"standard","meta":{"footnotes":""},"categories":[51,52],"tags":[100,89],"class_list":["post-9399","post","type-post","status-publish","format-standard","has-post-thumbnail","hentry","category-chile","category-noticias","tag-litio","tag-mineria-4"],"rttpg_featured_image_url":{"full":["https:\/\/prodelcobre.cl\/nueva\/wp-content\/uploads\/2022\/06\/litio-freepik.jpg",768,507,false],"landscape":["https:\/\/prodelcobre.cl\/nueva\/wp-content\/uploads\/2022\/06\/litio-freepik.jpg",768,507,false],"portraits":["https:\/\/prodelcobre.cl\/nueva\/wp-content\/uploads\/2022\/06\/litio-freepik.jpg",768,507,false],"thumbnail":["https:\/\/prodelcobre.cl\/nueva\/wp-content\/uploads\/2022\/06\/litio-freepik-150x150.jpg",150,150,true],"medium":["https:\/\/prodelcobre.cl\/nueva\/wp-content\/uploads\/2022\/06\/litio-freepik.jpg",768,507,false],"large":["https:\/\/prodelcobre.cl\/nueva\/wp-content\/uploads\/2022\/06\/litio-freepik.jpg",768,507,false],"1536x1536":["https:\/\/prodelcobre.cl\/nueva\/wp-content\/uploads\/2022\/06\/litio-freepik.jpg",768,507,false],"2048x2048":["https:\/\/prodelcobre.cl\/nueva\/wp-content\/uploads\/2022\/06\/litio-freepik.jpg",768,507,false],"morenews-featured":["https:\/\/prodelcobre.cl\/nueva\/wp-content\/uploads\/2022\/06\/litio-freepik.jpg",768,507,false],"morenews-large":["https:\/\/prodelcobre.cl\/nueva\/wp-content\/uploads\/2022\/06\/litio-freepik.jpg",768,507,false],"morenews-medium":["https:\/\/prodelcobre.cl\/nueva\/wp-content\/uploads\/2022\/06\/litio-freepik.jpg",590,389,false],"psacp-medium":["https:\/\/prodelcobre.cl\/nueva\/wp-content\/uploads\/2022\/06\/litio-freepik.jpg",500,330,false]},"rttpg_author":{"display_name":"Francisco P\u00e9rez Alvi\u00e1rez","author_link":"https:\/\/prodelcobre.cl\/nueva\/author\/fperez\/"},"rttpg_comment":0,"rttpg_category":"<a href=\"https:\/\/prodelcobre.cl\/nueva\/category\/chile\/\" rel=\"category tag\">Chile<\/a> <a href=\"https:\/\/prodelcobre.cl\/nueva\/category\/noticias\/\" rel=\"category tag\">Noticias<\/a>","rttpg_excerpt":"La C\u00e1mara aprob\u00f3 una resoluci\u00f3n para potenciar la explotaci\u00f3n del litio en el corto plazo y destinar su","_links":{"self":[{"href":"https:\/\/prodelcobre.cl\/nueva\/wp-json\/wp\/v2\/posts\/9399","targetHints":{"allow":["GET"]}}],"collection":[{"href":"https:\/\/prodelcobre.cl\/nueva\/wp-json\/wp\/v2\/posts"}],"about":[{"href":"https:\/\/prodelcobre.cl\/nueva\/wp-json\/wp\/v2\/types\/post"}],"author":[{"embeddable":true,"href":"https:\/\/prodelcobre.cl\/nueva\/wp-json\/wp\/v2\/users\/3"}],"replies":[{"embeddable":true,"href":"https:\/\/prodelcobre.cl\/nueva\/wp-json\/wp\/v2\/comments?post=9399"}],"version-history":[{"count":1,"href":"https:\/\/prodelcobre.cl\/nueva\/wp-json\/wp\/v2\/posts\/9399\/revisions"}],"predecessor-version":[{"id":9400,"href":"https:\/\/prodelcobre.cl\/nueva\/wp-json\/wp\/v2\/posts\/9399\/revisions\/9400"}],"wp:featuredmedia":[{"embeddable":true,"href":"https:\/\/prodelcobre.cl\/nueva\/wp-json\/wp\/v2\/media\/5654"}],"wp:attachment":[{"href":"https:\/\/prodelcobre.cl\/nueva\/wp-json\/wp\/v2\/media?parent=9399"}],"wp:term":[{"taxonomy":"category","embeddable":true,"href":"https:\/\/prodelcobre.cl\/nueva\/wp-json\/wp\/v2\/categories?post=9399"},{"taxonomy":"post_tag","embeddable":true,"href":"https:\/\/prodelcobre.cl\/nueva\/wp-json\/wp\/v2\/tags?post=9399"}],"curies":[{"name":"wp","href":"https:\/\/api.w.org\/{rel}","templated":true}]}}