{"id":9402,"date":"2023-11-06T14:08:56","date_gmt":"2023-11-06T17:08:56","guid":{"rendered":"https:\/\/prodelcobre.cl\/nueva\/?p=9402"},"modified":"2023-11-06T14:08:57","modified_gmt":"2023-11-06T17:08:57","slug":"universidad-de-concepcion-se-encuentra-desarrollando-tecnicas-para-una-mineria-sustentable-con-su-planta-de-h2v","status":"publish","type":"post","link":"https:\/\/prodelcobre.cl\/nueva\/universidad-de-concepcion-se-encuentra-desarrollando-tecnicas-para-una-mineria-sustentable-con-su-planta-de-h2v\/","title":{"rendered":"Universidad de Concepci\u00f3n se encuentra desarrollando t\u00e9cnicas para una miner\u00eda sustentable con su planta de H2V"},"content":{"rendered":"\n<h2 class=\"wp-block-heading\">Los investigadores est\u00e1n trabajando en el desarrollo de un<strong>&nbsp;sistema de procesamiento de concentrados de cobre, que contempla una etapa de oxidaci\u00f3n, seguida de una reducci\u00f3n con H2V<\/strong>.<\/h2>\n\n\n\n<p class=\"has-medium-font-size\">La Universidad de Concepci\u00f3n desde su laboratorio de H2V se encuentra desarrollando t\u00e9cnicas para separar <strong>de forma limpia el cobre de otros elementos<\/strong>, para lograr que el rubro de la miner\u00eda sea m\u00e1s sustentable gracias a la reducci\u00f3n de las emisiones en sus procesos.<\/p>\n\n\n\n<p class=\"has-medium-font-size\">La iniciativa est\u00e1 impulsada por el Ministerio de Energ\u00eda en el marco de su l\u00ednea de trabajo para consolidar el liderazgo chileno en Hidr\u00f3geno Verde. <\/p>\n\n\n\n<p class=\"has-medium-font-size\">Actualmente los investigadores est\u00e1n trabajando en el desarrollo de un<strong>&nbsp;sistema de procesamiento de concentrados de cobre, que contempla una etapa de oxidaci\u00f3n, seguida de una reducci\u00f3n con H2V,&nbsp;<\/strong>con el objetivo de desarrollar procesos m\u00e1s limpios y amigables con el entorno.<\/p>\n","protected":false},"excerpt":{"rendered":"<p>Los investigadores est\u00e1n trabajando en el desarrollo de un&nbsp;sistema de procesamiento de concentrados de cobre, que contempla una<\/p>\n","protected":false},"author":3,"featured_media":5689,"comment_status":"closed","ping_status":"closed","sticky":false,"template":"","format":"standard","meta":{"footnotes":""},"categories":[51,52],"tags":[237,89],"class_list":["post-9402","post","type-post","status-publish","format-standard","has-post-thumbnail","hentry","category-chile","category-noticias","tag-energia-2","tag-mineria-4"],"rttpg_featured_image_url":{"full":["https:\/\/prodelcobre.cl\/nueva\/wp-content\/uploads\/2022\/06\/hidrogeno-verde.jpg",1248,770,false],"landscape":["https:\/\/prodelcobre.cl\/nueva\/wp-content\/uploads\/2022\/06\/hidrogeno-verde.jpg",1248,770,false],"portraits":["https:\/\/prodelcobre.cl\/nueva\/wp-content\/uploads\/2022\/06\/hidrogeno-verde.jpg",1248,770,false],"thumbnail":["https:\/\/prodelcobre.cl\/nueva\/wp-content\/uploads\/2022\/06\/hidrogeno-verde-150x150.jpg",150,150,true],"medium":["https:\/\/prodelcobre.cl\/nueva\/wp-content\/uploads\/2022\/06\/hidrogeno-verde.jpg",1248,770,false],"large":["https:\/\/prodelcobre.cl\/nueva\/wp-content\/uploads\/2022\/06\/hidrogeno-verde.jpg",1248,770,false],"1536x1536":["https:\/\/prodelcobre.cl\/nueva\/wp-content\/uploads\/2022\/06\/hidrogeno-verde.jpg",1248,770,false],"2048x2048":["https:\/\/prodelcobre.cl\/nueva\/wp-content\/uploads\/2022\/06\/hidrogeno-verde.jpg",1248,770,false],"morenews-featured":["https:\/\/prodelcobre.cl\/nueva\/wp-content\/uploads\/2022\/06\/hidrogeno-verde.jpg",1024,632,false],"morenews-large":["https:\/\/prodelcobre.cl\/nueva\/wp-content\/uploads\/2022\/06\/hidrogeno-verde.jpg",825,509,false],"morenews-medium":["https:\/\/prodelcobre.cl\/nueva\/wp-content\/uploads\/2022\/06\/hidrogeno-verde.jpg",590,364,false],"psacp-medium":["https:\/\/prodelcobre.cl\/nueva\/wp-content\/uploads\/2022\/06\/hidrogeno-verde.jpg",500,308,false]},"rttpg_author":{"display_name":"Francisco P\u00e9rez Alvi\u00e1rez","author_link":"https:\/\/prodelcobre.cl\/nueva\/author\/fperez\/"},"rttpg_comment":0,"rttpg_category":"<a href=\"https:\/\/prodelcobre.cl\/nueva\/category\/chile\/\" rel=\"category tag\">Chile<\/a> <a href=\"https:\/\/prodelcobre.cl\/nueva\/category\/noticias\/\" rel=\"category tag\">Noticias<\/a>","rttpg_excerpt":"Los investigadores est\u00e1n trabajando en el desarrollo de un&nbsp;sistema de procesamiento de concentrados de cobre, que contempla una","_links":{"self":[{"href":"https:\/\/prodelcobre.cl\/nueva\/wp-json\/wp\/v2\/posts\/9402","targetHints":{"allow":["GET"]}}],"collection":[{"href":"https:\/\/prodelcobre.cl\/nueva\/wp-json\/wp\/v2\/posts"}],"about":[{"href":"https:\/\/prodelcobre.cl\/nueva\/wp-json\/wp\/v2\/types\/post"}],"author":[{"embeddable":true,"href":"https:\/\/prodelcobre.cl\/nueva\/wp-json\/wp\/v2\/users\/3"}],"replies":[{"embeddable":true,"href":"https:\/\/prodelcobre.cl\/nueva\/wp-json\/wp\/v2\/comments?post=9402"}],"version-history":[{"count":1,"href":"https:\/\/prodelcobre.cl\/nueva\/wp-json\/wp\/v2\/posts\/9402\/revisions"}],"predecessor-version":[{"id":9411,"href":"https:\/\/prodelcobre.cl\/nueva\/wp-json\/wp\/v2\/posts\/9402\/revisions\/9411"}],"wp:featuredmedia":[{"embeddable":true,"href":"https:\/\/prodelcobre.cl\/nueva\/wp-json\/wp\/v2\/media\/5689"}],"wp:attachment":[{"href":"https:\/\/prodelcobre.cl\/nueva\/wp-json\/wp\/v2\/media?parent=9402"}],"wp:term":[{"taxonomy":"category","embeddable":true,"href":"https:\/\/prodelcobre.cl\/nueva\/wp-json\/wp\/v2\/categories?post=9402"},{"taxonomy":"post_tag","embeddable":true,"href":"https:\/\/prodelcobre.cl\/nueva\/wp-json\/wp\/v2\/tags?post=9402"}],"curies":[{"name":"wp","href":"https:\/\/api.w.org\/{rel}","templated":true}]}}