{"id":9412,"date":"2023-11-07T10:23:59","date_gmt":"2023-11-07T13:23:59","guid":{"rendered":"https:\/\/prodelcobre.cl\/nueva\/?p=9412"},"modified":"2023-11-07T10:23:59","modified_gmt":"2023-11-07T13:23:59","slug":"codelco-retrocede-por-una-contraccion-de-53-segun-cochilco","status":"publish","type":"post","link":"https:\/\/prodelcobre.cl\/nueva\/codelco-retrocede-por-una-contraccion-de-53-segun-cochilco\/","title":{"rendered":"Codelco retrocede por una contracci\u00f3n de 5,3% seg\u00fan Cochilco"},"content":{"rendered":"\n<h2 class=\"wp-block-heading\">La estatal del cobre viene arrastrando una serie de malos resultados y p\u00e9rdidas en su productividad, lo cual ha&nbsp;recortado sus excedentes en un 65%&nbsp;para el tercer trimestre de este a\u00f1o.<\/h2>\n\n\n\n<p class=\"has-medium-font-size\">Codelco se contrajo un 5,3% a\u00f1o contra a\u00f1o, alcanzando las 116.700 toneladas m\u00e9tricas, mientras que a nivel nacional la cifra escal\u00f3 un 2,2% hasta las 444 mil toneladas, seg\u00fan indic\u00f3 Cochilco en las \u00faltimas cifras publicadas.<\/p>\n\n\n\n<p class=\"has-medium-font-size\">Cochilco rese\u00f1\u00f3 que a nivel general, la producci\u00f3n de cobre se increment\u00f3 un&nbsp;<strong>2,2% hasta las 444 mil toneladas<\/strong>. Sin embargo, Codelco, la minera estatal y la mayor productora de cobre a nivel mundial, sigue mostrando n\u00fameros rojos.<\/p>\n\n\n\n<p class=\"has-medium-font-size\">Esto ha llevado a diversos cambios en la estructura de la compa\u00f1\u00eda, e incluso algunos parlamentarios de oposici\u00f3n se abrieron a la opci\u00f3n de que la minera se&nbsp;<strong>abriera en la bolsa<\/strong>, con tal de amortiguar el impacto de la baja productividad y el alto endeudamiento de la estatal.<\/p>\n","protected":false},"excerpt":{"rendered":"<p>La estatal del cobre viene arrastrando una serie de malos resultados y p\u00e9rdidas en su productividad, lo cual<\/p>\n","protected":false},"author":3,"featured_media":4710,"comment_status":"closed","ping_status":"","sticky":false,"template":"","format":"standard","meta":{"footnotes":""},"categories":[51,52],"tags":[101],"class_list":["post-9412","post","type-post","status-publish","format-standard","has-post-thumbnail","hentry","category-chile","category-noticias","tag-codelco"],"rttpg_featured_image_url":{"full":["https:\/\/prodelcobre.cl\/nueva\/wp-content\/uploads\/2022\/02\/cobre2.jpg",500,324,false],"landscape":["https:\/\/prodelcobre.cl\/nueva\/wp-content\/uploads\/2022\/02\/cobre2.jpg",500,324,false],"portraits":["https:\/\/prodelcobre.cl\/nueva\/wp-content\/uploads\/2022\/02\/cobre2.jpg",500,324,false],"thumbnail":["https:\/\/prodelcobre.cl\/nueva\/wp-content\/uploads\/2022\/02\/cobre2-150x150.jpg",150,150,true],"medium":["https:\/\/prodelcobre.cl\/nueva\/wp-content\/uploads\/2022\/02\/cobre2.jpg",500,324,false],"large":["https:\/\/prodelcobre.cl\/nueva\/wp-content\/uploads\/2022\/02\/cobre2.jpg",500,324,false],"1536x1536":["https:\/\/prodelcobre.cl\/nueva\/wp-content\/uploads\/2022\/02\/cobre2.jpg",500,324,false],"2048x2048":["https:\/\/prodelcobre.cl\/nueva\/wp-content\/uploads\/2022\/02\/cobre2.jpg",500,324,false],"morenews-featured":["https:\/\/prodelcobre.cl\/nueva\/wp-content\/uploads\/2022\/02\/cobre2.jpg",500,324,false],"morenews-large":["https:\/\/prodelcobre.cl\/nueva\/wp-content\/uploads\/2022\/02\/cobre2.jpg",500,324,false],"morenews-medium":["https:\/\/prodelcobre.cl\/nueva\/wp-content\/uploads\/2022\/02\/cobre2.jpg",500,324,false],"psacp-medium":["https:\/\/prodelcobre.cl\/nueva\/wp-content\/uploads\/2022\/02\/cobre2.jpg",500,324,false]},"rttpg_author":{"display_name":"Francisco P\u00e9rez Alvi\u00e1rez","author_link":"https:\/\/prodelcobre.cl\/nueva\/author\/fperez\/"},"rttpg_comment":0,"rttpg_category":"<a href=\"https:\/\/prodelcobre.cl\/nueva\/category\/chile\/\" rel=\"category tag\">Chile<\/a> <a href=\"https:\/\/prodelcobre.cl\/nueva\/category\/noticias\/\" rel=\"category tag\">Noticias<\/a>","rttpg_excerpt":"La estatal del cobre viene arrastrando una serie de malos resultados y p\u00e9rdidas en su productividad, lo cual","_links":{"self":[{"href":"https:\/\/prodelcobre.cl\/nueva\/wp-json\/wp\/v2\/posts\/9412","targetHints":{"allow":["GET"]}}],"collection":[{"href":"https:\/\/prodelcobre.cl\/nueva\/wp-json\/wp\/v2\/posts"}],"about":[{"href":"https:\/\/prodelcobre.cl\/nueva\/wp-json\/wp\/v2\/types\/post"}],"author":[{"embeddable":true,"href":"https:\/\/prodelcobre.cl\/nueva\/wp-json\/wp\/v2\/users\/3"}],"replies":[{"embeddable":true,"href":"https:\/\/prodelcobre.cl\/nueva\/wp-json\/wp\/v2\/comments?post=9412"}],"version-history":[{"count":1,"href":"https:\/\/prodelcobre.cl\/nueva\/wp-json\/wp\/v2\/posts\/9412\/revisions"}],"predecessor-version":[{"id":9423,"href":"https:\/\/prodelcobre.cl\/nueva\/wp-json\/wp\/v2\/posts\/9412\/revisions\/9423"}],"wp:featuredmedia":[{"embeddable":true,"href":"https:\/\/prodelcobre.cl\/nueva\/wp-json\/wp\/v2\/media\/4710"}],"wp:attachment":[{"href":"https:\/\/prodelcobre.cl\/nueva\/wp-json\/wp\/v2\/media?parent=9412"}],"wp:term":[{"taxonomy":"category","embeddable":true,"href":"https:\/\/prodelcobre.cl\/nueva\/wp-json\/wp\/v2\/categories?post=9412"},{"taxonomy":"post_tag","embeddable":true,"href":"https:\/\/prodelcobre.cl\/nueva\/wp-json\/wp\/v2\/tags?post=9412"}],"curies":[{"name":"wp","href":"https:\/\/api.w.org\/{rel}","templated":true}]}}