{"id":9421,"date":"2023-11-07T08:56:04","date_gmt":"2023-11-07T11:56:04","guid":{"rendered":"https:\/\/prodelcobre.cl\/nueva\/?p=9421"},"modified":"2023-11-07T08:56:05","modified_gmt":"2023-11-07T11:56:05","slug":"mediran-impacto-de-la-circularidad-de-metales-en-operaciones-mineras-gracias-a-alianza-empresarial","status":"publish","type":"post","link":"https:\/\/prodelcobre.cl\/nueva\/mediran-impacto-de-la-circularidad-de-metales-en-operaciones-mineras-gracias-a-alianza-empresarial\/","title":{"rendered":"Medir\u00e1n impacto de la circularidad de metales en operaciones mineras gracias a alianza empresarial"},"content":{"rendered":"\n<h2 class=\"wp-block-heading\">El An\u00e1lisis que realizar\u00e1 Kyklos y Greenmind permitir\u00e1 dimensionar cu\u00e1nto contribuye a la sostenibilidad una compa\u00f1\u00eda que trasfiere los residuos generados para su reutilizaci\u00f3n en cuanto a calentamiento global, agotamiento de la capa de ozono o agotamiento de recursos naturales, entre otros aspectos.<\/h2>\n\n\n\n<p class=\"has-medium-font-size\">SRAlloys, empresa dedicada a la circularidad de metales, estableci\u00f3 una alianza con Kyklos y Greenmind, empresas expertas en econom\u00eda circular y gesti\u00f3n de impacto. Esta alianza se da con el fin de&nbsp;<strong>cuantificar el potencial de ahorro de impacto que implica la recuperaci\u00f3n, reciclaje y reincorporaci\u00f3n de material residual de ferroaleaciones en nuevos insumos de molienda y chancado para la miner\u00eda<\/strong>.<\/p>\n\n\n\n<p class=\"has-medium-font-size\">La alianza desarrollar\u00e1 el An\u00e1lisis de Ciclo de Vida (ACV) de la&nbsp;<strong>cartera de productos de SRAlloys, para medir el ahorro de impacto que se obtiene con la circularidad en comparaci\u00f3n con un modelo lineal basado en el uso de productos a base de materia prima virgen<\/strong>. El ACV se realizar\u00e1 para cuatro familias de aceros: acero al cromo molibdeno, aceros al manganeso, aceros al carbono y aceros altos en cromo.<\/p>\n\n\n\n<p class=\"has-medium-font-size\">El estudio, que se extiende&nbsp;<strong>debido a su complejidad por 5 meses<\/strong>, se har\u00e1 conforme a las normas ISO 14040 e ISO 14044 y usar\u00e1 una Regla de Categor\u00eda de Producto para el proceso de medici\u00f3n con el objetivo de comparar y verificar los resultados.<\/p>\n","protected":false},"excerpt":{"rendered":"<p>El An\u00e1lisis que realizar\u00e1 Kyklos y Greenmind permitir\u00e1 dimensionar cu\u00e1nto contribuye a la sostenibilidad una compa\u00f1\u00eda que trasfiere<\/p>\n","protected":false},"author":3,"featured_media":5221,"comment_status":"closed","ping_status":"closed","sticky":false,"template":"","format":"standard","meta":{"footnotes":""},"categories":[51,52],"tags":[103,89],"class_list":["post-9421","post","type-post","status-publish","format-standard","has-post-thumbnail","hentry","category-chile","category-noticias","tag-medioambiente","tag-mineria-4"],"rttpg_featured_image_url":{"full":["https:\/\/prodelcobre.cl\/nueva\/wp-content\/uploads\/2022\/04\/medio-ambiente-freepik.jpg",859,554,false],"landscape":["https:\/\/prodelcobre.cl\/nueva\/wp-content\/uploads\/2022\/04\/medio-ambiente-freepik.jpg",859,554,false],"portraits":["https:\/\/prodelcobre.cl\/nueva\/wp-content\/uploads\/2022\/04\/medio-ambiente-freepik.jpg",859,554,false],"thumbnail":["https:\/\/prodelcobre.cl\/nueva\/wp-content\/uploads\/2022\/04\/medio-ambiente-freepik-150x150.jpg",150,150,true],"medium":["https:\/\/prodelcobre.cl\/nueva\/wp-content\/uploads\/2022\/04\/medio-ambiente-freepik.jpg",859,554,false],"large":["https:\/\/prodelcobre.cl\/nueva\/wp-content\/uploads\/2022\/04\/medio-ambiente-freepik.jpg",859,554,false],"1536x1536":["https:\/\/prodelcobre.cl\/nueva\/wp-content\/uploads\/2022\/04\/medio-ambiente-freepik.jpg",859,554,false],"2048x2048":["https:\/\/prodelcobre.cl\/nueva\/wp-content\/uploads\/2022\/04\/medio-ambiente-freepik.jpg",859,554,false],"morenews-featured":["https:\/\/prodelcobre.cl\/nueva\/wp-content\/uploads\/2022\/04\/medio-ambiente-freepik.jpg",859,554,false],"morenews-large":["https:\/\/prodelcobre.cl\/nueva\/wp-content\/uploads\/2022\/04\/medio-ambiente-freepik.jpg",825,532,false],"morenews-medium":["https:\/\/prodelcobre.cl\/nueva\/wp-content\/uploads\/2022\/04\/medio-ambiente-freepik.jpg",590,381,false],"psacp-medium":["https:\/\/prodelcobre.cl\/nueva\/wp-content\/uploads\/2022\/04\/medio-ambiente-freepik.jpg",500,322,false]},"rttpg_author":{"display_name":"Francisco P\u00e9rez Alvi\u00e1rez","author_link":"https:\/\/prodelcobre.cl\/nueva\/author\/fperez\/"},"rttpg_comment":0,"rttpg_category":"<a href=\"https:\/\/prodelcobre.cl\/nueva\/category\/chile\/\" rel=\"category tag\">Chile<\/a> <a href=\"https:\/\/prodelcobre.cl\/nueva\/category\/noticias\/\" rel=\"category tag\">Noticias<\/a>","rttpg_excerpt":"El An\u00e1lisis que realizar\u00e1 Kyklos y Greenmind permitir\u00e1 dimensionar cu\u00e1nto contribuye a la sostenibilidad una compa\u00f1\u00eda que trasfiere","_links":{"self":[{"href":"https:\/\/prodelcobre.cl\/nueva\/wp-json\/wp\/v2\/posts\/9421","targetHints":{"allow":["GET"]}}],"collection":[{"href":"https:\/\/prodelcobre.cl\/nueva\/wp-json\/wp\/v2\/posts"}],"about":[{"href":"https:\/\/prodelcobre.cl\/nueva\/wp-json\/wp\/v2\/types\/post"}],"author":[{"embeddable":true,"href":"https:\/\/prodelcobre.cl\/nueva\/wp-json\/wp\/v2\/users\/3"}],"replies":[{"embeddable":true,"href":"https:\/\/prodelcobre.cl\/nueva\/wp-json\/wp\/v2\/comments?post=9421"}],"version-history":[{"count":1,"href":"https:\/\/prodelcobre.cl\/nueva\/wp-json\/wp\/v2\/posts\/9421\/revisions"}],"predecessor-version":[{"id":9422,"href":"https:\/\/prodelcobre.cl\/nueva\/wp-json\/wp\/v2\/posts\/9421\/revisions\/9422"}],"wp:featuredmedia":[{"embeddable":true,"href":"https:\/\/prodelcobre.cl\/nueva\/wp-json\/wp\/v2\/media\/5221"}],"wp:attachment":[{"href":"https:\/\/prodelcobre.cl\/nueva\/wp-json\/wp\/v2\/media?parent=9421"}],"wp:term":[{"taxonomy":"category","embeddable":true,"href":"https:\/\/prodelcobre.cl\/nueva\/wp-json\/wp\/v2\/categories?post=9421"},{"taxonomy":"post_tag","embeddable":true,"href":"https:\/\/prodelcobre.cl\/nueva\/wp-json\/wp\/v2\/tags?post=9421"}],"curies":[{"name":"wp","href":"https:\/\/api.w.org\/{rel}","templated":true}]}}