{"id":9424,"date":"2023-11-07T11:41:50","date_gmt":"2023-11-07T14:41:50","guid":{"rendered":"https:\/\/prodelcobre.cl\/nueva\/?p=9424"},"modified":"2023-11-07T11:41:51","modified_gmt":"2023-11-07T14:41:51","slug":"alvaro-merino-renuncio-a-la-gerencia-de-estudios-de-sonami-tras-35-anos","status":"publish","type":"post","link":"https:\/\/prodelcobre.cl\/nueva\/alvaro-merino-renuncio-a-la-gerencia-de-estudios-de-sonami-tras-35-anos\/","title":{"rendered":"\u00c1lvaro Merino renunci\u00f3 a la Gerencia de Estudios de Sonami tras 35 a\u00f1os"},"content":{"rendered":"\n<h2 class=\"wp-block-heading\">La medida se har\u00e1 efectiva a partir del pr\u00f3ximo 30 de noviembre luego de una extensa carrera desde 1989 en la entidad gremial.<\/h2>\n\n\n\n<p class=\"has-medium-font-size\">\u00c1lvaro Merino, hist\u00f3rico ejecutivo de Sonami present\u00f3 su renuncia que fue informada recientemente por la entidad. Desde Sonami indicaron que Merino se retira haciendo efectiva la medida a partir del 30 de noviembre de este a\u00f1o.<\/p>\n\n\n\n<p class=\"has-medium-font-size\">Merino se incorpor\u00f3 a Sonami en abril de 1989 y acompa\u00f1\u00f3 junto con el gremio al crecimiento y desarrollo de la industria minera en Chile donde todos los ejecutivos han mostrado su acuerdo en el importante legado que deja para la entidad.<\/p>\n","protected":false},"excerpt":{"rendered":"<p>La medida se har\u00e1 efectiva a partir del pr\u00f3ximo 30 de noviembre luego de una extensa carrera desde<\/p>\n","protected":false},"author":3,"featured_media":9425,"comment_status":"closed","ping_status":"closed","sticky":false,"template":"","format":"standard","meta":{"footnotes":""},"categories":[51,52],"tags":[504,164],"class_list":["post-9424","post","type-post","status-publish","format-standard","has-post-thumbnail","hentry","category-chile","category-noticias","tag-alvaromerino","tag-sonami"],"rttpg_featured_image_url":{"full":["https:\/\/prodelcobre.cl\/nueva\/wp-content\/uploads\/2023\/11\/alvaro-merino.jpg",546,350,false],"landscape":["https:\/\/prodelcobre.cl\/nueva\/wp-content\/uploads\/2023\/11\/alvaro-merino.jpg",546,350,false],"portraits":["https:\/\/prodelcobre.cl\/nueva\/wp-content\/uploads\/2023\/11\/alvaro-merino.jpg",546,350,false],"thumbnail":["https:\/\/prodelcobre.cl\/nueva\/wp-content\/uploads\/2023\/11\/alvaro-merino-150x150.jpg",150,150,true],"medium":["https:\/\/prodelcobre.cl\/nueva\/wp-content\/uploads\/2023\/11\/alvaro-merino.jpg",546,350,false],"large":["https:\/\/prodelcobre.cl\/nueva\/wp-content\/uploads\/2023\/11\/alvaro-merino.jpg",546,350,false],"1536x1536":["https:\/\/prodelcobre.cl\/nueva\/wp-content\/uploads\/2023\/11\/alvaro-merino.jpg",546,350,false],"2048x2048":["https:\/\/prodelcobre.cl\/nueva\/wp-content\/uploads\/2023\/11\/alvaro-merino.jpg",546,350,false],"morenews-featured":["https:\/\/prodelcobre.cl\/nueva\/wp-content\/uploads\/2023\/11\/alvaro-merino.jpg",546,350,false],"morenews-large":["https:\/\/prodelcobre.cl\/nueva\/wp-content\/uploads\/2023\/11\/alvaro-merino.jpg",546,350,false],"morenews-medium":["https:\/\/prodelcobre.cl\/nueva\/wp-content\/uploads\/2023\/11\/alvaro-merino.jpg",546,350,false],"psacp-medium":["https:\/\/prodelcobre.cl\/nueva\/wp-content\/uploads\/2023\/11\/alvaro-merino.jpg",500,321,false]},"rttpg_author":{"display_name":"Francisco P\u00e9rez Alvi\u00e1rez","author_link":"https:\/\/prodelcobre.cl\/nueva\/author\/fperez\/"},"rttpg_comment":0,"rttpg_category":"<a href=\"https:\/\/prodelcobre.cl\/nueva\/category\/chile\/\" rel=\"category tag\">Chile<\/a> <a href=\"https:\/\/prodelcobre.cl\/nueva\/category\/noticias\/\" rel=\"category tag\">Noticias<\/a>","rttpg_excerpt":"La medida se har\u00e1 efectiva a partir del pr\u00f3ximo 30 de noviembre luego de una extensa carrera desde","_links":{"self":[{"href":"https:\/\/prodelcobre.cl\/nueva\/wp-json\/wp\/v2\/posts\/9424","targetHints":{"allow":["GET"]}}],"collection":[{"href":"https:\/\/prodelcobre.cl\/nueva\/wp-json\/wp\/v2\/posts"}],"about":[{"href":"https:\/\/prodelcobre.cl\/nueva\/wp-json\/wp\/v2\/types\/post"}],"author":[{"embeddable":true,"href":"https:\/\/prodelcobre.cl\/nueva\/wp-json\/wp\/v2\/users\/3"}],"replies":[{"embeddable":true,"href":"https:\/\/prodelcobre.cl\/nueva\/wp-json\/wp\/v2\/comments?post=9424"}],"version-history":[{"count":1,"href":"https:\/\/prodelcobre.cl\/nueva\/wp-json\/wp\/v2\/posts\/9424\/revisions"}],"predecessor-version":[{"id":9426,"href":"https:\/\/prodelcobre.cl\/nueva\/wp-json\/wp\/v2\/posts\/9424\/revisions\/9426"}],"wp:featuredmedia":[{"embeddable":true,"href":"https:\/\/prodelcobre.cl\/nueva\/wp-json\/wp\/v2\/media\/9425"}],"wp:attachment":[{"href":"https:\/\/prodelcobre.cl\/nueva\/wp-json\/wp\/v2\/media?parent=9424"}],"wp:term":[{"taxonomy":"category","embeddable":true,"href":"https:\/\/prodelcobre.cl\/nueva\/wp-json\/wp\/v2\/categories?post=9424"},{"taxonomy":"post_tag","embeddable":true,"href":"https:\/\/prodelcobre.cl\/nueva\/wp-json\/wp\/v2\/tags?post=9424"}],"curies":[{"name":"wp","href":"https:\/\/api.w.org\/{rel}","templated":true}]}}