{"id":9430,"date":"2023-11-08T09:37:54","date_gmt":"2023-11-08T12:37:54","guid":{"rendered":"https:\/\/prodelcobre.cl\/nueva\/?p=9430"},"modified":"2023-11-08T09:37:55","modified_gmt":"2023-11-08T12:37:55","slug":"produccion-de-cobre-crecio-por-cuarto-mes-consecutivo-aunque-permanece-menor-al-2022","status":"publish","type":"post","link":"https:\/\/prodelcobre.cl\/nueva\/produccion-de-cobre-crecio-por-cuarto-mes-consecutivo-aunque-permanece-menor-al-2022\/","title":{"rendered":"Producci\u00f3n de cobre creci\u00f3 por cuarto mes consecutivo aunque permanece menor al 2022"},"content":{"rendered":"\n<h2 class=\"wp-block-heading\">Al cierre de septiembre las mineras locales completan unas 3,82 millones de toneladas, una cifra que es 2,1% menor que lo visto en 2022.<\/h2>\n\n\n\n<p class=\"has-medium-font-size\">Cochilco report\u00f3 el alza por cuarto mes consecutivo de la producci\u00f3n de cobre en Chile, el cual mostr\u00f3 un repunte de 444 mil toneladas, comparadas con las 434 mil que se vieron en el mismo mes de 2022, representando un alza de 2,1%.<\/p>\n\n\n\n<p class=\"has-medium-font-size\">No obstante, estas realidades no lograron compensar totalmente la ca\u00edda de varias otras mineras en lo que va del a\u00f1o. De acuerdo al dato total, al cierre de septiembre las mineras locales completan unas 3,82 millones de toneladas, una cifra que es 2,1% menor que lo visto en 2022, seg\u00fan indic\u00f3 El Mercurio.<\/p>\n\n\n\n<p class=\"has-medium-font-size\">Las razones de este cambio de tendencia tienen que ver con la recuperaci\u00f3n de varias faenas de gran tama\u00f1o, entre ellas, la principal productora de cobre a nivel global, Minera Escondida.<\/p>\n","protected":false},"excerpt":{"rendered":"<p>Al cierre de septiembre las mineras locales completan unas 3,82 millones de toneladas, una cifra que es 2,1%<\/p>\n","protected":false},"author":3,"featured_media":3894,"comment_status":"closed","ping_status":"closed","sticky":false,"template":"","format":"standard","meta":{"footnotes":""},"categories":[51,52],"tags":[78,89],"class_list":["post-9430","post","type-post","status-publish","format-standard","has-post-thumbnail","hentry","category-chile","category-noticias","tag-cobre","tag-mineria-4"],"rttpg_featured_image_url":{"full":["https:\/\/prodelcobre.cl\/nueva\/wp-content\/uploads\/2021\/02\/cobre-4-e1568159041473.jpg",800,400,false],"landscape":["https:\/\/prodelcobre.cl\/nueva\/wp-content\/uploads\/2021\/02\/cobre-4-e1568159041473.jpg",800,400,false],"portraits":["https:\/\/prodelcobre.cl\/nueva\/wp-content\/uploads\/2021\/02\/cobre-4-e1568159041473.jpg",800,400,false],"thumbnail":["https:\/\/prodelcobre.cl\/nueva\/wp-content\/uploads\/2021\/02\/cobre-4-e1568159041473-150x150.jpg",150,150,true],"medium":["https:\/\/prodelcobre.cl\/nueva\/wp-content\/uploads\/2021\/02\/cobre-4-e1568159041473.jpg",800,400,false],"large":["https:\/\/prodelcobre.cl\/nueva\/wp-content\/uploads\/2021\/02\/cobre-4-e1568159041473.jpg",800,400,false],"1536x1536":["https:\/\/prodelcobre.cl\/nueva\/wp-content\/uploads\/2021\/02\/cobre-4-e1568159041473.jpg",800,400,false],"2048x2048":["https:\/\/prodelcobre.cl\/nueva\/wp-content\/uploads\/2021\/02\/cobre-4-e1568159041473.jpg",800,400,false],"morenews-featured":["https:\/\/prodelcobre.cl\/nueva\/wp-content\/uploads\/2021\/02\/cobre-4-e1568159041473.jpg",800,400,false],"morenews-large":["https:\/\/prodelcobre.cl\/nueva\/wp-content\/uploads\/2021\/02\/cobre-4-e1568159041473.jpg",800,400,false],"morenews-medium":["https:\/\/prodelcobre.cl\/nueva\/wp-content\/uploads\/2021\/02\/cobre-4-e1568159041473.jpg",590,295,false],"psacp-medium":["https:\/\/prodelcobre.cl\/nueva\/wp-content\/uploads\/2021\/02\/cobre-4-e1568159041473.jpg",500,250,false]},"rttpg_author":{"display_name":"Francisco P\u00e9rez Alvi\u00e1rez","author_link":"https:\/\/prodelcobre.cl\/nueva\/author\/fperez\/"},"rttpg_comment":0,"rttpg_category":"<a href=\"https:\/\/prodelcobre.cl\/nueva\/category\/chile\/\" rel=\"category tag\">Chile<\/a> <a href=\"https:\/\/prodelcobre.cl\/nueva\/category\/noticias\/\" rel=\"category tag\">Noticias<\/a>","rttpg_excerpt":"Al cierre de septiembre las mineras locales completan unas 3,82 millones de toneladas, una cifra que es 2,1%","_links":{"self":[{"href":"https:\/\/prodelcobre.cl\/nueva\/wp-json\/wp\/v2\/posts\/9430","targetHints":{"allow":["GET"]}}],"collection":[{"href":"https:\/\/prodelcobre.cl\/nueva\/wp-json\/wp\/v2\/posts"}],"about":[{"href":"https:\/\/prodelcobre.cl\/nueva\/wp-json\/wp\/v2\/types\/post"}],"author":[{"embeddable":true,"href":"https:\/\/prodelcobre.cl\/nueva\/wp-json\/wp\/v2\/users\/3"}],"replies":[{"embeddable":true,"href":"https:\/\/prodelcobre.cl\/nueva\/wp-json\/wp\/v2\/comments?post=9430"}],"version-history":[{"count":1,"href":"https:\/\/prodelcobre.cl\/nueva\/wp-json\/wp\/v2\/posts\/9430\/revisions"}],"predecessor-version":[{"id":9431,"href":"https:\/\/prodelcobre.cl\/nueva\/wp-json\/wp\/v2\/posts\/9430\/revisions\/9431"}],"wp:featuredmedia":[{"embeddable":true,"href":"https:\/\/prodelcobre.cl\/nueva\/wp-json\/wp\/v2\/media\/3894"}],"wp:attachment":[{"href":"https:\/\/prodelcobre.cl\/nueva\/wp-json\/wp\/v2\/media?parent=9430"}],"wp:term":[{"taxonomy":"category","embeddable":true,"href":"https:\/\/prodelcobre.cl\/nueva\/wp-json\/wp\/v2\/categories?post=9430"},{"taxonomy":"post_tag","embeddable":true,"href":"https:\/\/prodelcobre.cl\/nueva\/wp-json\/wp\/v2\/tags?post=9430"}],"curies":[{"name":"wp","href":"https:\/\/api.w.org\/{rel}","templated":true}]}}