{"id":9433,"date":"2023-11-08T10:58:26","date_gmt":"2023-11-08T13:58:26","guid":{"rendered":"https:\/\/prodelcobre.cl\/nueva\/?p=9433"},"modified":"2023-11-08T10:58:27","modified_gmt":"2023-11-08T13:58:27","slug":"codelco-ofrecera-a-compradores-chinos-una-actractiva-prima-por-el-cobre-un-36-menor","status":"publish","type":"post","link":"https:\/\/prodelcobre.cl\/nueva\/codelco-ofrecera-a-compradores-chinos-una-actractiva-prima-por-el-cobre-un-36-menor\/","title":{"rendered":"Codelco ofrecer\u00e1 a compradores chinos una actractiva prima por el cobre un 36% menor"},"content":{"rendered":"\n<h2 class=\"wp-block-heading\">Estas medidas responden a la competencia en el mercado, la oferta y la demanda global, y las proyecciones econ\u00f3micas para China y el mundo en general.<\/h2>\n\n\n\n<p class=\"has-medium-font-size\">Codelco lanz\u00f3 un ofrecimiento a sus clientes chinos de prima por c\u00e1todos de cobre por US $89 la tonelada m\u00e9trica para el pr\u00f3ximo a\u00f1o, una cifra atractiva que reduce en 36% el precio actual de US $140 por tonelada m\u00e9trica. <\/p>\n\n\n\n<p class=\"has-medium-font-size\">La estatal &nbsp;<strong>revela las expectativas de la empresa respecto al mercado chino, que es responsable de aproximadamente la mitad de la demanda mundial del metal<\/strong> y a donde va el 40% del cobre chileno. <\/p>\n\n\n\n<p class=\"has-medium-font-size\">Estas medidas responden a factores de mercado, entre otros, incluyendo<strong> una disminuci\u00f3n significativa en las ganancias<\/strong> de Codelco, que para septiembre presentaron un descenso del 65% acumulado, sumando solo US$917 millones. Esto se debe, seg\u00fan reportes de la empresa, a la combinaci\u00f3n de una disminuci\u00f3n en la producci\u00f3n de cobre y un incremento en los costos operativos.<\/p>\n","protected":false},"excerpt":{"rendered":"<p>Estas medidas responden a la competencia en el mercado, la oferta y la demanda global, y las proyecciones<\/p>\n","protected":false},"author":3,"featured_media":6030,"comment_status":"closed","ping_status":"closed","sticky":false,"template":"","format":"standard","meta":{"footnotes":""},"categories":[51,52],"tags":[101],"class_list":["post-9433","post","type-post","status-publish","format-standard","has-post-thumbnail","hentry","category-chile","category-noticias","tag-codelco"],"rttpg_featured_image_url":{"full":["https:\/\/prodelcobre.cl\/nueva\/wp-content\/uploads\/2022\/07\/Codelco.jpg",710,399,false],"landscape":["https:\/\/prodelcobre.cl\/nueva\/wp-content\/uploads\/2022\/07\/Codelco.jpg",710,399,false],"portraits":["https:\/\/prodelcobre.cl\/nueva\/wp-content\/uploads\/2022\/07\/Codelco.jpg",710,399,false],"thumbnail":["https:\/\/prodelcobre.cl\/nueva\/wp-content\/uploads\/2022\/07\/Codelco-150x150.jpg",150,150,true],"medium":["https:\/\/prodelcobre.cl\/nueva\/wp-content\/uploads\/2022\/07\/Codelco.jpg",710,399,false],"large":["https:\/\/prodelcobre.cl\/nueva\/wp-content\/uploads\/2022\/07\/Codelco.jpg",710,399,false],"1536x1536":["https:\/\/prodelcobre.cl\/nueva\/wp-content\/uploads\/2022\/07\/Codelco.jpg",710,399,false],"2048x2048":["https:\/\/prodelcobre.cl\/nueva\/wp-content\/uploads\/2022\/07\/Codelco.jpg",710,399,false],"morenews-featured":["https:\/\/prodelcobre.cl\/nueva\/wp-content\/uploads\/2022\/07\/Codelco.jpg",710,399,false],"morenews-large":["https:\/\/prodelcobre.cl\/nueva\/wp-content\/uploads\/2022\/07\/Codelco.jpg",710,399,false],"morenews-medium":["https:\/\/prodelcobre.cl\/nueva\/wp-content\/uploads\/2022\/07\/Codelco.jpg",590,332,false],"psacp-medium":["https:\/\/prodelcobre.cl\/nueva\/wp-content\/uploads\/2022\/07\/Codelco.jpg",500,281,false]},"rttpg_author":{"display_name":"Francisco P\u00e9rez Alvi\u00e1rez","author_link":"https:\/\/prodelcobre.cl\/nueva\/author\/fperez\/"},"rttpg_comment":0,"rttpg_category":"<a href=\"https:\/\/prodelcobre.cl\/nueva\/category\/chile\/\" rel=\"category tag\">Chile<\/a> <a href=\"https:\/\/prodelcobre.cl\/nueva\/category\/noticias\/\" rel=\"category tag\">Noticias<\/a>","rttpg_excerpt":"Estas medidas responden a la competencia en el mercado, la oferta y la demanda global, y las proyecciones","_links":{"self":[{"href":"https:\/\/prodelcobre.cl\/nueva\/wp-json\/wp\/v2\/posts\/9433","targetHints":{"allow":["GET"]}}],"collection":[{"href":"https:\/\/prodelcobre.cl\/nueva\/wp-json\/wp\/v2\/posts"}],"about":[{"href":"https:\/\/prodelcobre.cl\/nueva\/wp-json\/wp\/v2\/types\/post"}],"author":[{"embeddable":true,"href":"https:\/\/prodelcobre.cl\/nueva\/wp-json\/wp\/v2\/users\/3"}],"replies":[{"embeddable":true,"href":"https:\/\/prodelcobre.cl\/nueva\/wp-json\/wp\/v2\/comments?post=9433"}],"version-history":[{"count":1,"href":"https:\/\/prodelcobre.cl\/nueva\/wp-json\/wp\/v2\/posts\/9433\/revisions"}],"predecessor-version":[{"id":9434,"href":"https:\/\/prodelcobre.cl\/nueva\/wp-json\/wp\/v2\/posts\/9433\/revisions\/9434"}],"wp:featuredmedia":[{"embeddable":true,"href":"https:\/\/prodelcobre.cl\/nueva\/wp-json\/wp\/v2\/media\/6030"}],"wp:attachment":[{"href":"https:\/\/prodelcobre.cl\/nueva\/wp-json\/wp\/v2\/media?parent=9433"}],"wp:term":[{"taxonomy":"category","embeddable":true,"href":"https:\/\/prodelcobre.cl\/nueva\/wp-json\/wp\/v2\/categories?post=9433"},{"taxonomy":"post_tag","embeddable":true,"href":"https:\/\/prodelcobre.cl\/nueva\/wp-json\/wp\/v2\/tags?post=9433"}],"curies":[{"name":"wp","href":"https:\/\/api.w.org\/{rel}","templated":true}]}}