{"id":9435,"date":"2023-11-08T11:23:33","date_gmt":"2023-11-08T14:23:33","guid":{"rendered":"https:\/\/prodelcobre.cl\/nueva\/?p=9435"},"modified":"2023-11-08T11:23:35","modified_gmt":"2023-11-08T14:23:35","slug":"inapi-y-subsecretaria-de-economia-lanzaron-plataforma-de-tendencias-tecnologicas-de-litio-e-hidrogeno-verde","status":"publish","type":"post","link":"https:\/\/prodelcobre.cl\/nueva\/inapi-y-subsecretaria-de-economia-lanzaron-plataforma-de-tendencias-tecnologicas-de-litio-e-hidrogeno-verde\/","title":{"rendered":"Inapi y Subsecretar\u00eda de Econom\u00eda lanzaron plataforma de Tendencias Tecnol\u00f3gicas de litio e hidr\u00f3geno verde"},"content":{"rendered":"\n<h2 class=\"wp-block-heading\">Parte de la iniciativa del programa de Desarrollo Productivo Sostenible es esta plataforma que busca incorporar conocimientos, tecnolog\u00eda e innovaci\u00f3n.<\/h2>\n\n\n\n<p class=\"has-medium-font-size\">Con el fin de brindar informaci\u00f3n t\u00e9cnica de utilidad, que incluye informes, infograf\u00edas, datos, mapas conceptuales, entre otros, Inapi y la Subsecretar\u00eda de Econom\u00eda y Empresas de Menor Tama\u00f1o lanzaron una plataforma de acceso gratuito para llevar la informaci\u00f3n a los interesados en la industria del litio y el hidr\u00f3geno verde.<\/p>\n\n\n\n<p class=\"has-medium-font-size\">Seg\u00fan detallaron desde el Ministerio de Econom\u00eda, la herramienta es el resultado de m\u00e1s de siete meses de trabajo por parte de un equipo de profesionales expertos en b\u00fasqueda y an\u00e1lisis de datos de patentes nacionales e internacionales.<\/p>\n\n\n\n<p class=\"has-medium-font-size\">Para acceder al nuevo repositorio, los interesados pueden acceder a este link <a href=\"http:\/\/dps.inapi.cl\/\" target=\"_blank\" rel=\"noreferrer noopener\">http:\/\/dps.inapi.cl<\/a><\/p>\n","protected":false},"excerpt":{"rendered":"<p>Parte de la iniciativa del programa de Desarrollo Productivo Sostenible es esta plataforma que busca incorporar conocimientos, tecnolog\u00eda<\/p>\n","protected":false},"author":3,"featured_media":9436,"comment_status":"closed","ping_status":"closed","sticky":false,"template":"","format":"standard","meta":{"footnotes":""},"categories":[51,52],"tags":[90,111],"class_list":["post-9435","post","type-post","status-publish","format-standard","has-post-thumbnail","hentry","category-chile","category-noticias","tag-energia","tag-h2v"],"rttpg_featured_image_url":{"full":["https:\/\/prodelcobre.cl\/nueva\/wp-content\/uploads\/2023\/11\/inapi.jpg",1192,446,false],"landscape":["https:\/\/prodelcobre.cl\/nueva\/wp-content\/uploads\/2023\/11\/inapi.jpg",1192,446,false],"portraits":["https:\/\/prodelcobre.cl\/nueva\/wp-content\/uploads\/2023\/11\/inapi.jpg",1192,446,false],"thumbnail":["https:\/\/prodelcobre.cl\/nueva\/wp-content\/uploads\/2023\/11\/inapi-150x150.jpg",150,150,true],"medium":["https:\/\/prodelcobre.cl\/nueva\/wp-content\/uploads\/2023\/11\/inapi.jpg",1192,446,false],"large":["https:\/\/prodelcobre.cl\/nueva\/wp-content\/uploads\/2023\/11\/inapi.jpg",1192,446,false],"1536x1536":["https:\/\/prodelcobre.cl\/nueva\/wp-content\/uploads\/2023\/11\/inapi.jpg",1192,446,false],"2048x2048":["https:\/\/prodelcobre.cl\/nueva\/wp-content\/uploads\/2023\/11\/inapi.jpg",1192,446,false],"morenews-featured":["https:\/\/prodelcobre.cl\/nueva\/wp-content\/uploads\/2023\/11\/inapi-1024x383.jpg",1024,383,true],"morenews-large":["https:\/\/prodelcobre.cl\/nueva\/wp-content\/uploads\/2023\/11\/inapi-825x446.jpg",825,446,true],"morenews-medium":["https:\/\/prodelcobre.cl\/nueva\/wp-content\/uploads\/2023\/11\/inapi-590x410.jpg",590,410,true],"psacp-medium":["https:\/\/prodelcobre.cl\/nueva\/wp-content\/uploads\/2023\/11\/inapi.jpg",500,187,false]},"rttpg_author":{"display_name":"Francisco P\u00e9rez Alvi\u00e1rez","author_link":"https:\/\/prodelcobre.cl\/nueva\/author\/fperez\/"},"rttpg_comment":0,"rttpg_category":"<a href=\"https:\/\/prodelcobre.cl\/nueva\/category\/chile\/\" rel=\"category tag\">Chile<\/a> <a href=\"https:\/\/prodelcobre.cl\/nueva\/category\/noticias\/\" rel=\"category tag\">Noticias<\/a>","rttpg_excerpt":"Parte de la iniciativa del programa de Desarrollo Productivo Sostenible es esta plataforma que busca incorporar conocimientos, tecnolog\u00eda","_links":{"self":[{"href":"https:\/\/prodelcobre.cl\/nueva\/wp-json\/wp\/v2\/posts\/9435","targetHints":{"allow":["GET"]}}],"collection":[{"href":"https:\/\/prodelcobre.cl\/nueva\/wp-json\/wp\/v2\/posts"}],"about":[{"href":"https:\/\/prodelcobre.cl\/nueva\/wp-json\/wp\/v2\/types\/post"}],"author":[{"embeddable":true,"href":"https:\/\/prodelcobre.cl\/nueva\/wp-json\/wp\/v2\/users\/3"}],"replies":[{"embeddable":true,"href":"https:\/\/prodelcobre.cl\/nueva\/wp-json\/wp\/v2\/comments?post=9435"}],"version-history":[{"count":1,"href":"https:\/\/prodelcobre.cl\/nueva\/wp-json\/wp\/v2\/posts\/9435\/revisions"}],"predecessor-version":[{"id":9437,"href":"https:\/\/prodelcobre.cl\/nueva\/wp-json\/wp\/v2\/posts\/9435\/revisions\/9437"}],"wp:featuredmedia":[{"embeddable":true,"href":"https:\/\/prodelcobre.cl\/nueva\/wp-json\/wp\/v2\/media\/9436"}],"wp:attachment":[{"href":"https:\/\/prodelcobre.cl\/nueva\/wp-json\/wp\/v2\/media?parent=9435"}],"wp:term":[{"taxonomy":"category","embeddable":true,"href":"https:\/\/prodelcobre.cl\/nueva\/wp-json\/wp\/v2\/categories?post=9435"},{"taxonomy":"post_tag","embeddable":true,"href":"https:\/\/prodelcobre.cl\/nueva\/wp-json\/wp\/v2\/tags?post=9435"}],"curies":[{"name":"wp","href":"https:\/\/api.w.org\/{rel}","templated":true}]}}