{"id":9438,"date":"2023-11-09T10:12:44","date_gmt":"2023-11-09T13:12:44","guid":{"rendered":"https:\/\/prodelcobre.cl\/nueva\/?p=9438"},"modified":"2023-11-09T10:12:45","modified_gmt":"2023-11-09T13:12:45","slug":"codelco-y-rio-tinto-firmaron-asociacion-estrategica-llamada-nuevo-cobre-s-a","status":"publish","type":"post","link":"https:\/\/prodelcobre.cl\/nueva\/codelco-y-rio-tinto-firmaron-asociacion-estrategica-llamada-nuevo-cobre-s-a\/","title":{"rendered":"Codelco y Rio Tinto firmaron asociaci\u00f3n estrat\u00e9gica llamada Nuevo Cobre S.A."},"content":{"rendered":"\n<h2 class=\"wp-block-heading\">Ambas partes participar\u00e1n en una sociedad que realizar\u00e1 trabajos en yacimientos de cobre en la Regi\u00f3n de Atacama, antes conocido como Agua de la Falda S.A.<\/h2>\n\n\n\n<p class=\"has-medium-font-size\">Codelco y R\u00edo Tinto formalizaron su alianza para participar en un proyecto ubicado a 10 km al sureste de Potrerillos, en la comuna de Diego de Almagro, para generar cobre, esta sociedad que antes se conoc\u00eda como Agua de la Falda S.A. pasar\u00e1 a llamarse Nuevo Cobre S.A.<br><br>La estatal chilena posee 42,26% en ADLF, sociedad que se constituy\u00f3 en julio de 1996 con foco principal en la prospecci\u00f3n, exploraci\u00f3n, explotaci\u00f3n y comercializaci\u00f3n de proyectos de oro y otros minerales preciosos. <\/p>\n\n\n\n<p class=\"has-medium-font-size\">La reuni\u00f3n entre ambas partes se realiz\u00f3 en Tokio, donde acudieron el CEO de la minera multinacional, Jakob Stausholm, y el presidente del directorio de Codelco, M\u00e1ximo Pacheco.<\/p>\n","protected":false},"excerpt":{"rendered":"<p>Ambas partes participar\u00e1n en una sociedad que realizar\u00e1 trabajos en yacimientos de cobre en la Regi\u00f3n de Atacama,<\/p>\n","protected":false},"author":3,"featured_media":9471,"comment_status":"closed","ping_status":"closed","sticky":false,"template":"","format":"standard","meta":{"footnotes":""},"categories":[51,52],"tags":[269],"class_list":["post-9438","post","type-post","status-publish","format-standard","has-post-thumbnail","hentry","category-chile","category-noticias","tag-negocios"],"rttpg_featured_image_url":{"full":["https:\/\/prodelcobre.cl\/nueva\/wp-content\/uploads\/2023\/11\/rio-tinto.jpg",831,528,false],"landscape":["https:\/\/prodelcobre.cl\/nueva\/wp-content\/uploads\/2023\/11\/rio-tinto.jpg",831,528,false],"portraits":["https:\/\/prodelcobre.cl\/nueva\/wp-content\/uploads\/2023\/11\/rio-tinto.jpg",831,528,false],"thumbnail":["https:\/\/prodelcobre.cl\/nueva\/wp-content\/uploads\/2023\/11\/rio-tinto-150x150.jpg",150,150,true],"medium":["https:\/\/prodelcobre.cl\/nueva\/wp-content\/uploads\/2023\/11\/rio-tinto.jpg",831,528,false],"large":["https:\/\/prodelcobre.cl\/nueva\/wp-content\/uploads\/2023\/11\/rio-tinto.jpg",831,528,false],"1536x1536":["https:\/\/prodelcobre.cl\/nueva\/wp-content\/uploads\/2023\/11\/rio-tinto.jpg",831,528,false],"2048x2048":["https:\/\/prodelcobre.cl\/nueva\/wp-content\/uploads\/2023\/11\/rio-tinto.jpg",831,528,false],"morenews-featured":["https:\/\/prodelcobre.cl\/nueva\/wp-content\/uploads\/2023\/11\/rio-tinto.jpg",831,528,false],"morenews-large":["https:\/\/prodelcobre.cl\/nueva\/wp-content\/uploads\/2023\/11\/rio-tinto-825x528.jpg",825,528,true],"morenews-medium":["https:\/\/prodelcobre.cl\/nueva\/wp-content\/uploads\/2023\/11\/rio-tinto-590x410.jpg",590,410,true],"psacp-medium":["https:\/\/prodelcobre.cl\/nueva\/wp-content\/uploads\/2023\/11\/rio-tinto.jpg",500,318,false]},"rttpg_author":{"display_name":"Francisco P\u00e9rez Alvi\u00e1rez","author_link":"https:\/\/prodelcobre.cl\/nueva\/author\/fperez\/"},"rttpg_comment":0,"rttpg_category":"<a href=\"https:\/\/prodelcobre.cl\/nueva\/category\/chile\/\" rel=\"category tag\">Chile<\/a> <a href=\"https:\/\/prodelcobre.cl\/nueva\/category\/noticias\/\" rel=\"category tag\">Noticias<\/a>","rttpg_excerpt":"Ambas partes participar\u00e1n en una sociedad que realizar\u00e1 trabajos en yacimientos de cobre en la Regi\u00f3n de Atacama,","_links":{"self":[{"href":"https:\/\/prodelcobre.cl\/nueva\/wp-json\/wp\/v2\/posts\/9438","targetHints":{"allow":["GET"]}}],"collection":[{"href":"https:\/\/prodelcobre.cl\/nueva\/wp-json\/wp\/v2\/posts"}],"about":[{"href":"https:\/\/prodelcobre.cl\/nueva\/wp-json\/wp\/v2\/types\/post"}],"author":[{"embeddable":true,"href":"https:\/\/prodelcobre.cl\/nueva\/wp-json\/wp\/v2\/users\/3"}],"replies":[{"embeddable":true,"href":"https:\/\/prodelcobre.cl\/nueva\/wp-json\/wp\/v2\/comments?post=9438"}],"version-history":[{"count":1,"href":"https:\/\/prodelcobre.cl\/nueva\/wp-json\/wp\/v2\/posts\/9438\/revisions"}],"predecessor-version":[{"id":9472,"href":"https:\/\/prodelcobre.cl\/nueva\/wp-json\/wp\/v2\/posts\/9438\/revisions\/9472"}],"wp:featuredmedia":[{"embeddable":true,"href":"https:\/\/prodelcobre.cl\/nueva\/wp-json\/wp\/v2\/media\/9471"}],"wp:attachment":[{"href":"https:\/\/prodelcobre.cl\/nueva\/wp-json\/wp\/v2\/media?parent=9438"}],"wp:term":[{"taxonomy":"category","embeddable":true,"href":"https:\/\/prodelcobre.cl\/nueva\/wp-json\/wp\/v2\/categories?post=9438"},{"taxonomy":"post_tag","embeddable":true,"href":"https:\/\/prodelcobre.cl\/nueva\/wp-json\/wp\/v2\/tags?post=9438"}],"curies":[{"name":"wp","href":"https:\/\/api.w.org\/{rel}","templated":true}]}}