{"id":9473,"date":"2023-11-09T10:25:37","date_gmt":"2023-11-09T13:25:37","guid":{"rendered":"https:\/\/prodelcobre.cl\/nueva\/?p=9473"},"modified":"2023-11-09T10:25:39","modified_gmt":"2023-11-09T13:25:39","slug":"foro-litio-2023-abordo-retos-de-la-implementacion-de-la-estrategia-nacional-del-litio","status":"publish","type":"post","link":"https:\/\/prodelcobre.cl\/nueva\/foro-litio-2023-abordo-retos-de-la-implementacion-de-la-estrategia-nacional-del-litio\/","title":{"rendered":"Foro Litio 2023 abord\u00f3 retos de la implementaci\u00f3n de la Estrategia Nacional del Litio"},"content":{"rendered":"\n<h2 class=\"wp-block-heading\">El encuentro organizado entre Cesco y Sonami abri\u00f3 un espacio entre la industria para discutir la estrategia presentada por el Gobierno en torno al litio. <\/h2>\n\n\n\n<p class=\"has-medium-font-size\">La Estrategia Nacional del Litio presentada por el Gobierno sigue en discusi\u00f3n dentro de la industria, algo que se demostr\u00f3 en el Foro Litio 2023, donde diversos actores del sector se reunieron para crear un importante espacio de networking en torno a la pol\u00edtica respecto al mineral presentada por el presidente Boric.<\/p>\n\n\n\n<p class=\"has-medium-font-size\">Las conversaciones se centraron en la huella de carbono, el uso de agua, entre otros t\u00f3picos, incluyendo un panel que trat\u00f3 el tema de<strong> reinyecci\u00f3n: aspectos t\u00e9cnicos, normativa aplicable y visiones de stakeholders en torno al uso del agua<\/strong>, un espacio que estuvo compuesto por:&nbsp;<strong>Francisca Rivero<\/strong>&nbsp;(Coordinadora de Proyectos, SMI),&nbsp;<strong>Sebasti\u00e1n Donoso<\/strong>&nbsp;(Socio, SDYA),&nbsp;<strong>Mariana Cervetto<\/strong>, (Socia, HGA) y&nbsp;<strong>Mat\u00edas Desmadryl<\/strong>&nbsp;(Socio, PPU, EX Director Nacional DGA); mientras que&nbsp;<strong>Marcela Sep\u00falveda<\/strong>&nbsp;(Gerenta de Relaciones Comunitarias\/EIA, CleanTech Lithium) cumpli\u00f3 el rol de moderadora.<\/p>\n\n\n\n<p class=\"has-medium-font-size\">Otro de los t\u00f3picos que se abordaron durante la jornada tuvieron que ver con Concesiones Mineras y CEOL: Coexistencia \/ duplicidad de reg\u00edmenes legales\/regulatorios, panel moderado por Javiera Estrada (Abogada, Enami);<\/p>\n\n\n\n<p class=\"has-medium-font-size\">Adem\u00e1s, expertos dialogaron sobre la definici\u00f3n del 30% de una red sistema de salares protegidos; las Licitaciones y \u00e9xito: condiciones necesarias para el \u00e9xito de las licitaciones y, finalmente, Car\u00e1cter estrat\u00e9gico de salares y Participaci\u00f3n p\u00fablico \u2013 privada.<\/p>\n","protected":false},"excerpt":{"rendered":"<p>El encuentro organizado entre Cesco y Sonami abri\u00f3 un espacio entre la industria para discutir la estrategia presentada<\/p>\n","protected":false},"author":3,"featured_media":5912,"comment_status":"closed","ping_status":"closed","sticky":false,"template":"","format":"standard","meta":{"footnotes":""},"categories":[51,52],"tags":[100],"class_list":["post-9473","post","type-post","status-publish","format-standard","has-post-thumbnail","hentry","category-chile","category-noticias","tag-litio"],"rttpg_featured_image_url":{"full":["https:\/\/prodelcobre.cl\/nueva\/wp-content\/uploads\/2022\/07\/Litio-Salar.jpg",1000,530,false],"landscape":["https:\/\/prodelcobre.cl\/nueva\/wp-content\/uploads\/2022\/07\/Litio-Salar.jpg",1000,530,false],"portraits":["https:\/\/prodelcobre.cl\/nueva\/wp-content\/uploads\/2022\/07\/Litio-Salar.jpg",1000,530,false],"thumbnail":["https:\/\/prodelcobre.cl\/nueva\/wp-content\/uploads\/2022\/07\/Litio-Salar-150x150.jpg",150,150,true],"medium":["https:\/\/prodelcobre.cl\/nueva\/wp-content\/uploads\/2022\/07\/Litio-Salar.jpg",1000,530,false],"large":["https:\/\/prodelcobre.cl\/nueva\/wp-content\/uploads\/2022\/07\/Litio-Salar.jpg",1000,530,false],"1536x1536":["https:\/\/prodelcobre.cl\/nueva\/wp-content\/uploads\/2022\/07\/Litio-Salar.jpg",1000,530,false],"2048x2048":["https:\/\/prodelcobre.cl\/nueva\/wp-content\/uploads\/2022\/07\/Litio-Salar.jpg",1000,530,false],"morenews-featured":["https:\/\/prodelcobre.cl\/nueva\/wp-content\/uploads\/2022\/07\/Litio-Salar.jpg",1000,530,false],"morenews-large":["https:\/\/prodelcobre.cl\/nueva\/wp-content\/uploads\/2022\/07\/Litio-Salar.jpg",825,437,false],"morenews-medium":["https:\/\/prodelcobre.cl\/nueva\/wp-content\/uploads\/2022\/07\/Litio-Salar.jpg",590,313,false],"psacp-medium":["https:\/\/prodelcobre.cl\/nueva\/wp-content\/uploads\/2022\/07\/Litio-Salar.jpg",500,265,false]},"rttpg_author":{"display_name":"Francisco P\u00e9rez Alvi\u00e1rez","author_link":"https:\/\/prodelcobre.cl\/nueva\/author\/fperez\/"},"rttpg_comment":0,"rttpg_category":"<a href=\"https:\/\/prodelcobre.cl\/nueva\/category\/chile\/\" rel=\"category tag\">Chile<\/a> <a href=\"https:\/\/prodelcobre.cl\/nueva\/category\/noticias\/\" rel=\"category tag\">Noticias<\/a>","rttpg_excerpt":"El encuentro organizado entre Cesco y Sonami abri\u00f3 un espacio entre la industria para discutir la estrategia presentada","_links":{"self":[{"href":"https:\/\/prodelcobre.cl\/nueva\/wp-json\/wp\/v2\/posts\/9473","targetHints":{"allow":["GET"]}}],"collection":[{"href":"https:\/\/prodelcobre.cl\/nueva\/wp-json\/wp\/v2\/posts"}],"about":[{"href":"https:\/\/prodelcobre.cl\/nueva\/wp-json\/wp\/v2\/types\/post"}],"author":[{"embeddable":true,"href":"https:\/\/prodelcobre.cl\/nueva\/wp-json\/wp\/v2\/users\/3"}],"replies":[{"embeddable":true,"href":"https:\/\/prodelcobre.cl\/nueva\/wp-json\/wp\/v2\/comments?post=9473"}],"version-history":[{"count":1,"href":"https:\/\/prodelcobre.cl\/nueva\/wp-json\/wp\/v2\/posts\/9473\/revisions"}],"predecessor-version":[{"id":9474,"href":"https:\/\/prodelcobre.cl\/nueva\/wp-json\/wp\/v2\/posts\/9473\/revisions\/9474"}],"wp:featuredmedia":[{"embeddable":true,"href":"https:\/\/prodelcobre.cl\/nueva\/wp-json\/wp\/v2\/media\/5912"}],"wp:attachment":[{"href":"https:\/\/prodelcobre.cl\/nueva\/wp-json\/wp\/v2\/media?parent=9473"}],"wp:term":[{"taxonomy":"category","embeddable":true,"href":"https:\/\/prodelcobre.cl\/nueva\/wp-json\/wp\/v2\/categories?post=9473"},{"taxonomy":"post_tag","embeddable":true,"href":"https:\/\/prodelcobre.cl\/nueva\/wp-json\/wp\/v2\/tags?post=9473"}],"curies":[{"name":"wp","href":"https:\/\/api.w.org\/{rel}","templated":true}]}}