{"id":9477,"date":"2023-11-09T11:09:39","date_gmt":"2023-11-09T14:09:39","guid":{"rendered":"https:\/\/prodelcobre.cl\/nueva\/?p=9477"},"modified":"2023-11-09T11:09:41","modified_gmt":"2023-11-09T14:09:41","slug":"codelco-y-nbp-avanzan-hacia-el-primer-barco-granelero-del-mundo-con-cero-emisiones-de-co2","status":"publish","type":"post","link":"https:\/\/prodelcobre.cl\/nueva\/codelco-y-nbp-avanzan-hacia-el-primer-barco-granelero-del-mundo-con-cero-emisiones-de-co2\/","title":{"rendered":"Codelco y NBP avanzan hacia el primer barco granelero del mundo con cero emisiones de CO2"},"content":{"rendered":"\n<h2 class=\"wp-block-heading\">En una ceremonia realizada en Tokio las compa\u00f1\u00edas afianzaron el memor\u00e1ndum suscrito hace un a\u00f1o, tras la formalizaci\u00f3n del contrato entre las empresas japonesas que fabricar\u00e1n el primer barco para transportar concentrado de cobre que funcionar\u00e1 con amoniaco.<\/h2>\n\n\n\n<p class=\"has-medium-font-size\">Un nuevo hito en su estrategia para avanzar hacia la carbononeutralidad vivi\u00f3 ayer Codelco en la ciudad de Tokio, Jap\u00f3n. Las empresas NYK Bulk &amp; Projects Carriers Ltd. (NBP), del Grupo NYK; Oshima Shipbuilding Co., Ltd. y Sumitomo Corporation firmaron un Memor\u00e1ndum de Entendimiento para estudiar, dise\u00f1ar y construir su primer barco granelero tipo Handymax, que funcionar\u00e1 con amoniaco como combustible principal y reducir\u00eda a cero las emisiones de CO<sub>2<\/sub>, seg\u00fan rese\u00f1\u00f3 Codelco en una nota de prensa. <\/p>\n\n\n\n<p class=\"has-medium-font-size\">El anuncio se produjo justo un a\u00f1o despu\u00e9s de que Codelco y NBP firmaran el MoU para desarrollar conjuntamente opciones de transporte mar\u00edtimo de cobre con menores emisiones de CO<sub>2<\/sub>.<\/p>\n\n\n\n<p class=\"has-medium-font-size\">Las compa\u00f1\u00edas explicaron que se trata del primero de una flota de entre diez y quince buques que NBP operar\u00e1 en el tr\u00e1fico desde Chile hacia el Lejano Oriente, dedicados exclusivamente al transporte de cobre.<\/p>\n","protected":false},"excerpt":{"rendered":"<p>En una ceremonia realizada en Tokio las compa\u00f1\u00edas afianzaron el memor\u00e1ndum suscrito hace un a\u00f1o, tras la formalizaci\u00f3n<\/p>\n","protected":false},"author":3,"featured_media":9478,"comment_status":"closed","ping_status":"closed","sticky":false,"template":"","format":"standard","meta":{"footnotes":""},"categories":[51,52],"tags":[],"class_list":["post-9477","post","type-post","status-publish","format-standard","has-post-thumbnail","hentry","category-chile","category-noticias"],"rttpg_featured_image_url":{"full":["https:\/\/prodelcobre.cl\/nueva\/wp-content\/uploads\/2023\/11\/codelco.jpg",875,434,false],"landscape":["https:\/\/prodelcobre.cl\/nueva\/wp-content\/uploads\/2023\/11\/codelco.jpg",875,434,false],"portraits":["https:\/\/prodelcobre.cl\/nueva\/wp-content\/uploads\/2023\/11\/codelco.jpg",875,434,false],"thumbnail":["https:\/\/prodelcobre.cl\/nueva\/wp-content\/uploads\/2023\/11\/codelco-150x150.jpg",150,150,true],"medium":["https:\/\/prodelcobre.cl\/nueva\/wp-content\/uploads\/2023\/11\/codelco.jpg",875,434,false],"large":["https:\/\/prodelcobre.cl\/nueva\/wp-content\/uploads\/2023\/11\/codelco.jpg",875,434,false],"1536x1536":["https:\/\/prodelcobre.cl\/nueva\/wp-content\/uploads\/2023\/11\/codelco.jpg",875,434,false],"2048x2048":["https:\/\/prodelcobre.cl\/nueva\/wp-content\/uploads\/2023\/11\/codelco.jpg",875,434,false],"morenews-featured":["https:\/\/prodelcobre.cl\/nueva\/wp-content\/uploads\/2023\/11\/codelco.jpg",875,434,false],"morenews-large":["https:\/\/prodelcobre.cl\/nueva\/wp-content\/uploads\/2023\/11\/codelco-825x434.jpg",825,434,true],"morenews-medium":["https:\/\/prodelcobre.cl\/nueva\/wp-content\/uploads\/2023\/11\/codelco-590x410.jpg",590,410,true],"psacp-medium":["https:\/\/prodelcobre.cl\/nueva\/wp-content\/uploads\/2023\/11\/codelco.jpg",500,248,false]},"rttpg_author":{"display_name":"Francisco P\u00e9rez Alvi\u00e1rez","author_link":"https:\/\/prodelcobre.cl\/nueva\/author\/fperez\/"},"rttpg_comment":0,"rttpg_category":"<a href=\"https:\/\/prodelcobre.cl\/nueva\/category\/chile\/\" rel=\"category tag\">Chile<\/a> <a href=\"https:\/\/prodelcobre.cl\/nueva\/category\/noticias\/\" rel=\"category tag\">Noticias<\/a>","rttpg_excerpt":"En una ceremonia realizada en Tokio las compa\u00f1\u00edas afianzaron el memor\u00e1ndum suscrito hace un a\u00f1o, tras la formalizaci\u00f3n","_links":{"self":[{"href":"https:\/\/prodelcobre.cl\/nueva\/wp-json\/wp\/v2\/posts\/9477","targetHints":{"allow":["GET"]}}],"collection":[{"href":"https:\/\/prodelcobre.cl\/nueva\/wp-json\/wp\/v2\/posts"}],"about":[{"href":"https:\/\/prodelcobre.cl\/nueva\/wp-json\/wp\/v2\/types\/post"}],"author":[{"embeddable":true,"href":"https:\/\/prodelcobre.cl\/nueva\/wp-json\/wp\/v2\/users\/3"}],"replies":[{"embeddable":true,"href":"https:\/\/prodelcobre.cl\/nueva\/wp-json\/wp\/v2\/comments?post=9477"}],"version-history":[{"count":1,"href":"https:\/\/prodelcobre.cl\/nueva\/wp-json\/wp\/v2\/posts\/9477\/revisions"}],"predecessor-version":[{"id":9479,"href":"https:\/\/prodelcobre.cl\/nueva\/wp-json\/wp\/v2\/posts\/9477\/revisions\/9479"}],"wp:featuredmedia":[{"embeddable":true,"href":"https:\/\/prodelcobre.cl\/nueva\/wp-json\/wp\/v2\/media\/9478"}],"wp:attachment":[{"href":"https:\/\/prodelcobre.cl\/nueva\/wp-json\/wp\/v2\/media?parent=9477"}],"wp:term":[{"taxonomy":"category","embeddable":true,"href":"https:\/\/prodelcobre.cl\/nueva\/wp-json\/wp\/v2\/categories?post=9477"},{"taxonomy":"post_tag","embeddable":true,"href":"https:\/\/prodelcobre.cl\/nueva\/wp-json\/wp\/v2\/tags?post=9477"}],"curies":[{"name":"wp","href":"https:\/\/api.w.org\/{rel}","templated":true}]}}