{"id":9482,"date":"2023-11-09T14:20:39","date_gmt":"2023-11-09T17:20:39","guid":{"rendered":"https:\/\/prodelcobre.cl\/nueva\/?p=9482"},"modified":"2023-11-09T14:20:40","modified_gmt":"2023-11-09T17:20:40","slug":"avanzo-votacion-para-proyecto-de-modificaciones-al-codigo-de-mineria-que-reduce-o-elimina-exenciones-tributarias","status":"publish","type":"post","link":"https:\/\/prodelcobre.cl\/nueva\/avanzo-votacion-para-proyecto-de-modificaciones-al-codigo-de-mineria-que-reduce-o-elimina-exenciones-tributarias\/","title":{"rendered":"Avanz\u00f3 votaci\u00f3n para proyecto de modificaciones al c\u00f3digo de miner\u00eda que reduce o elimina exenciones tributarias"},"content":{"rendered":"\n<h2 class=\"wp-block-heading\">En votaci\u00f3n,<strong>&nbsp;la instancia despach\u00f3 el proyecto a la sala de la C\u00e1mara de Diputados por 12 votos a favor y una abstenci\u00f3n<\/strong>. La iniciativa se encuentra en su primer tr\u00e1mite constitucional.<\/h2>\n\n\n\n<p class=\"has-medium-font-size\">La Comisi\u00f3n de Hacienda de la C\u00e1mara de Diputados despach\u00f3 el proyecto que modifica las disposiciones del C\u00f3digo de Miner\u00eda. Seg\u00fan rese\u00f1\u00f3 La Tercera, el objetivo de la iniciativa es reducir o eliminar exenciones tributarias en materia de concesiones mineras. Esto, en base al contexto en que, durante inicios de este a\u00f1o, el Congreso pospuso para el sector minero los efectos de la ley 21.420 que reduce o elimina exenciones tributarias en funci\u00f3n de financiar la Pensi\u00f3n Garantizada Universal (PGU).<\/p>\n\n\n\n<p class=\"has-medium-font-size\">En votaci\u00f3n,<strong>&nbsp;la instancia despach\u00f3 el proyecto a la sala de la C\u00e1mara de Diputados por 12 votos a favor y una abstenci\u00f3n<\/strong>. La iniciativa se encuentra en su primer tr\u00e1mite constitucional.<\/p>\n\n\n\n<p class=\"has-medium-font-size\">Seg\u00fan detall\u00f3 La Tercera, la ministra de Miner\u00eda, Aurora Williams, resalt\u00f3 que uno de los pilares del proyecto es&nbsp;<strong>dar mayor dinamismo a la propiedad minera.<\/strong>&nbsp;Esto, en base a que el Ejecutivo identific\u00f3 que las \u00e1reas de exploraci\u00f3n y explotaci\u00f3n est\u00e1n saturadas por \u201cacaparadores con poco espacio para actores nuevos que realmente quieran explotar el territorio\u201d.<\/p>\n","protected":false},"excerpt":{"rendered":"<p>En votaci\u00f3n,&nbsp;la instancia despach\u00f3 el proyecto a la sala de la C\u00e1mara de Diputados por 12 votos a<\/p>\n","protected":false},"author":3,"featured_media":6098,"comment_status":"closed","ping_status":"closed","sticky":false,"template":"","format":"standard","meta":{"footnotes":""},"categories":[51,52],"tags":[89],"class_list":["post-9482","post","type-post","status-publish","format-standard","has-post-thumbnail","hentry","category-chile","category-noticias","tag-mineria-4"],"rttpg_featured_image_url":{"full":["https:\/\/prodelcobre.cl\/nueva\/wp-content\/uploads\/2022\/08\/ley-juicio.jpg",965,641,false],"landscape":["https:\/\/prodelcobre.cl\/nueva\/wp-content\/uploads\/2022\/08\/ley-juicio.jpg",965,641,false],"portraits":["https:\/\/prodelcobre.cl\/nueva\/wp-content\/uploads\/2022\/08\/ley-juicio.jpg",965,641,false],"thumbnail":["https:\/\/prodelcobre.cl\/nueva\/wp-content\/uploads\/2022\/08\/ley-juicio-150x150.jpg",150,150,true],"medium":["https:\/\/prodelcobre.cl\/nueva\/wp-content\/uploads\/2022\/08\/ley-juicio.jpg",965,641,false],"large":["https:\/\/prodelcobre.cl\/nueva\/wp-content\/uploads\/2022\/08\/ley-juicio.jpg",965,641,false],"1536x1536":["https:\/\/prodelcobre.cl\/nueva\/wp-content\/uploads\/2022\/08\/ley-juicio.jpg",965,641,false],"2048x2048":["https:\/\/prodelcobre.cl\/nueva\/wp-content\/uploads\/2022\/08\/ley-juicio.jpg",965,641,false],"morenews-featured":["https:\/\/prodelcobre.cl\/nueva\/wp-content\/uploads\/2022\/08\/ley-juicio.jpg",965,641,false],"morenews-large":["https:\/\/prodelcobre.cl\/nueva\/wp-content\/uploads\/2022\/08\/ley-juicio.jpg",825,548,false],"morenews-medium":["https:\/\/prodelcobre.cl\/nueva\/wp-content\/uploads\/2022\/08\/ley-juicio.jpg",590,392,false],"psacp-medium":["https:\/\/prodelcobre.cl\/nueva\/wp-content\/uploads\/2022\/08\/ley-juicio.jpg",500,332,false]},"rttpg_author":{"display_name":"Francisco P\u00e9rez Alvi\u00e1rez","author_link":"https:\/\/prodelcobre.cl\/nueva\/author\/fperez\/"},"rttpg_comment":0,"rttpg_category":"<a href=\"https:\/\/prodelcobre.cl\/nueva\/category\/chile\/\" rel=\"category tag\">Chile<\/a> <a href=\"https:\/\/prodelcobre.cl\/nueva\/category\/noticias\/\" rel=\"category tag\">Noticias<\/a>","rttpg_excerpt":"En votaci\u00f3n,&nbsp;la instancia despach\u00f3 el proyecto a la sala de la C\u00e1mara de Diputados por 12 votos a","_links":{"self":[{"href":"https:\/\/prodelcobre.cl\/nueva\/wp-json\/wp\/v2\/posts\/9482","targetHints":{"allow":["GET"]}}],"collection":[{"href":"https:\/\/prodelcobre.cl\/nueva\/wp-json\/wp\/v2\/posts"}],"about":[{"href":"https:\/\/prodelcobre.cl\/nueva\/wp-json\/wp\/v2\/types\/post"}],"author":[{"embeddable":true,"href":"https:\/\/prodelcobre.cl\/nueva\/wp-json\/wp\/v2\/users\/3"}],"replies":[{"embeddable":true,"href":"https:\/\/prodelcobre.cl\/nueva\/wp-json\/wp\/v2\/comments?post=9482"}],"version-history":[{"count":1,"href":"https:\/\/prodelcobre.cl\/nueva\/wp-json\/wp\/v2\/posts\/9482\/revisions"}],"predecessor-version":[{"id":9483,"href":"https:\/\/prodelcobre.cl\/nueva\/wp-json\/wp\/v2\/posts\/9482\/revisions\/9483"}],"wp:featuredmedia":[{"embeddable":true,"href":"https:\/\/prodelcobre.cl\/nueva\/wp-json\/wp\/v2\/media\/6098"}],"wp:attachment":[{"href":"https:\/\/prodelcobre.cl\/nueva\/wp-json\/wp\/v2\/media?parent=9482"}],"wp:term":[{"taxonomy":"category","embeddable":true,"href":"https:\/\/prodelcobre.cl\/nueva\/wp-json\/wp\/v2\/categories?post=9482"},{"taxonomy":"post_tag","embeddable":true,"href":"https:\/\/prodelcobre.cl\/nueva\/wp-json\/wp\/v2\/tags?post=9482"}],"curies":[{"name":"wp","href":"https:\/\/api.w.org\/{rel}","templated":true}]}}