{"id":9504,"date":"2023-11-10T09:16:03","date_gmt":"2023-11-10T12:16:03","guid":{"rendered":"https:\/\/prodelcobre.cl\/nueva\/?p=9504"},"modified":"2023-11-10T09:16:04","modified_gmt":"2023-11-10T12:16:04","slug":"cerro-colorado-detuvo-operaciones-despues-de-tres-decadas-de-funcionamiento","status":"publish","type":"post","link":"https:\/\/prodelcobre.cl\/nueva\/cerro-colorado-detuvo-operaciones-despues-de-tres-decadas-de-funcionamiento\/","title":{"rendered":"Cerro Colorado detuvo operaciones despu\u00e9s de tres d\u00e9cadas de funcionamiento"},"content":{"rendered":"\n<h2 class=\"wp-block-heading\">Esta medida forma parte de la detenci\u00f3n progresiva de las actividades productivas en el marco de su<strong>&nbsp;Plan de Cierre Temporal Parcial<\/strong>, el que fue aprobado por Sernageomin por dos a\u00f1os, y que podr\u00eda extenderse por tres a\u00f1os adicionales.<\/h2>\n\n\n\n<p class=\"has-medium-font-size\">Cerro Colorado detuvo sus operaciones luego de 30 a\u00f1os, esto como una posible medida temporal, donde la compa\u00f1\u00eda estudia una posible reapertura para aprovechar las 1000 millones de toneladas de mineral.<\/p>\n\n\n\n<p class=\"has-medium-font-size\">La c<strong>ompa\u00f1\u00eda se encuentra evaluando alternativas para una posible reapertura donde se buscar\u00e1 alargar la vida \u00fatil del yacimiento en varias d\u00e9cadas<\/strong>. Lo anterior, a trav\u00e9s de un proyecto que incorpore&nbsp;<strong>nuevas tecnolog\u00edas y el uso de agua desalinizada<\/strong>.<\/p>\n\n\n\n<p class=\"has-medium-font-size\">El cierre temporal de Cerro Colorado se dio en el marco de su<strong>&nbsp;Plan de Cierre Temporal Parcial<\/strong>, el que fue aprobado por Sernageomin por dos a\u00f1os, y que podr\u00eda extenderse por tres a\u00f1os adicionales.<\/p>\n","protected":false},"excerpt":{"rendered":"<p>Esta medida forma parte de la detenci\u00f3n progresiva de las actividades productivas en el marco de su&nbsp;Plan de<\/p>\n","protected":false},"author":3,"featured_media":6182,"comment_status":"closed","ping_status":"closed","sticky":false,"template":"","format":"standard","meta":{"footnotes":""},"categories":[51,52],"tags":[518,89],"class_list":["post-9504","post","type-post","status-publish","format-standard","has-post-thumbnail","hentry","category-chile","category-noticias","tag-cerrocolorado","tag-mineria-4"],"rttpg_featured_image_url":{"full":["https:\/\/prodelcobre.cl\/nueva\/wp-content\/uploads\/2022\/08\/Minero-Freepik.jpg",525,350,false],"landscape":["https:\/\/prodelcobre.cl\/nueva\/wp-content\/uploads\/2022\/08\/Minero-Freepik.jpg",525,350,false],"portraits":["https:\/\/prodelcobre.cl\/nueva\/wp-content\/uploads\/2022\/08\/Minero-Freepik.jpg",525,350,false],"thumbnail":["https:\/\/prodelcobre.cl\/nueva\/wp-content\/uploads\/2022\/08\/Minero-Freepik-150x150.jpg",150,150,true],"medium":["https:\/\/prodelcobre.cl\/nueva\/wp-content\/uploads\/2022\/08\/Minero-Freepik.jpg",525,350,false],"large":["https:\/\/prodelcobre.cl\/nueva\/wp-content\/uploads\/2022\/08\/Minero-Freepik.jpg",525,350,false],"1536x1536":["https:\/\/prodelcobre.cl\/nueva\/wp-content\/uploads\/2022\/08\/Minero-Freepik.jpg",525,350,false],"2048x2048":["https:\/\/prodelcobre.cl\/nueva\/wp-content\/uploads\/2022\/08\/Minero-Freepik.jpg",525,350,false],"morenews-featured":["https:\/\/prodelcobre.cl\/nueva\/wp-content\/uploads\/2022\/08\/Minero-Freepik.jpg",525,350,false],"morenews-large":["https:\/\/prodelcobre.cl\/nueva\/wp-content\/uploads\/2022\/08\/Minero-Freepik.jpg",525,350,false],"morenews-medium":["https:\/\/prodelcobre.cl\/nueva\/wp-content\/uploads\/2022\/08\/Minero-Freepik.jpg",525,350,false],"psacp-medium":["https:\/\/prodelcobre.cl\/nueva\/wp-content\/uploads\/2022\/08\/Minero-Freepik.jpg",500,333,false]},"rttpg_author":{"display_name":"Francisco P\u00e9rez Alvi\u00e1rez","author_link":"https:\/\/prodelcobre.cl\/nueva\/author\/fperez\/"},"rttpg_comment":0,"rttpg_category":"<a href=\"https:\/\/prodelcobre.cl\/nueva\/category\/chile\/\" rel=\"category tag\">Chile<\/a> <a href=\"https:\/\/prodelcobre.cl\/nueva\/category\/noticias\/\" rel=\"category tag\">Noticias<\/a>","rttpg_excerpt":"Esta medida forma parte de la detenci\u00f3n progresiva de las actividades productivas en el marco de su&nbsp;Plan de","_links":{"self":[{"href":"https:\/\/prodelcobre.cl\/nueva\/wp-json\/wp\/v2\/posts\/9504","targetHints":{"allow":["GET"]}}],"collection":[{"href":"https:\/\/prodelcobre.cl\/nueva\/wp-json\/wp\/v2\/posts"}],"about":[{"href":"https:\/\/prodelcobre.cl\/nueva\/wp-json\/wp\/v2\/types\/post"}],"author":[{"embeddable":true,"href":"https:\/\/prodelcobre.cl\/nueva\/wp-json\/wp\/v2\/users\/3"}],"replies":[{"embeddable":true,"href":"https:\/\/prodelcobre.cl\/nueva\/wp-json\/wp\/v2\/comments?post=9504"}],"version-history":[{"count":1,"href":"https:\/\/prodelcobre.cl\/nueva\/wp-json\/wp\/v2\/posts\/9504\/revisions"}],"predecessor-version":[{"id":9505,"href":"https:\/\/prodelcobre.cl\/nueva\/wp-json\/wp\/v2\/posts\/9504\/revisions\/9505"}],"wp:featuredmedia":[{"embeddable":true,"href":"https:\/\/prodelcobre.cl\/nueva\/wp-json\/wp\/v2\/media\/6182"}],"wp:attachment":[{"href":"https:\/\/prodelcobre.cl\/nueva\/wp-json\/wp\/v2\/media?parent=9504"}],"wp:term":[{"taxonomy":"category","embeddable":true,"href":"https:\/\/prodelcobre.cl\/nueva\/wp-json\/wp\/v2\/categories?post=9504"},{"taxonomy":"post_tag","embeddable":true,"href":"https:\/\/prodelcobre.cl\/nueva\/wp-json\/wp\/v2\/tags?post=9504"}],"curies":[{"name":"wp","href":"https:\/\/api.w.org\/{rel}","templated":true}]}}