{"id":9506,"date":"2023-11-10T09:32:32","date_gmt":"2023-11-10T12:32:32","guid":{"rendered":"https:\/\/prodelcobre.cl\/nueva\/?p=9506"},"modified":"2023-11-10T09:32:33","modified_gmt":"2023-11-10T12:32:33","slug":"chile-y-argentina-firmaron-acuerdo-de-entendimiento-para-el-avance-de-la-industria-del-litio","status":"publish","type":"post","link":"https:\/\/prodelcobre.cl\/nueva\/chile-y-argentina-firmaron-acuerdo-de-entendimiento-para-el-avance-de-la-industria-del-litio\/","title":{"rendered":"Chile y Argentina firmaron acuerdo de entendimiento para el avance de la industria del litio"},"content":{"rendered":"\n<h2 class=\"wp-block-heading\">Alberto van Klaveren por Chile y Santiago Cafiero por Argentina, suscribieron el memor\u00e1ndum para un Grupo de Trabajo Binacional de Litio y Salares.<\/h2>\n\n\n\n<p class=\"has-medium-font-size\">Chile y Argentina firmaronun memor\u00e1ndum de entendimiento para establecer la cooperaci\u00f3n entre ambas naciones para el&nbsp;<strong>intercambio de conocimientos<\/strong>&nbsp;entre empresas y cient\u00edficos, formaci\u00f3n de capital humano y el est\u00edmulo de los&nbsp;<strong>encadenamientos productivos<\/strong> en el marco de un Grupo de Trabajo Binacional de Litio y Salares.<\/p>\n\n\n\n<p class=\"has-medium-font-size\">La reuni\u00f3n que se dio de manera online estuvo encabezada por Alberto van Klaveren, ministro de Relaciones Exteriores de Chile y su hom\u00f3logo argentino, Santiago Cafiero. En la reuni\u00f3n tambi\u00e9n participaron la subsecretaria de Relaciones Econ\u00f3micas Internacionales, Claudia Sanhueza; la Subsecretaria de Miner\u00eda, Suina Chahu\u00e1n, y el director general de Asuntos Econ\u00f3micos Bilaterales, Sebasti\u00e1n G\u00f3mez.<\/p>\n","protected":false},"excerpt":{"rendered":"<p>Alberto van Klaveren por Chile y Santiago Cafiero por Argentina, suscribieron el memor\u00e1ndum para un Grupo de Trabajo<\/p>\n","protected":false},"author":3,"featured_media":5173,"comment_status":"closed","ping_status":"closed","sticky":false,"template":"","format":"standard","meta":{"footnotes":""},"categories":[51,52],"tags":[181,259,100],"class_list":["post-9506","post","type-post","status-publish","format-standard","has-post-thumbnail","hentry","category-chile","category-noticias","tag-argentina","tag-chile","tag-litio"],"rttpg_featured_image_url":{"full":["https:\/\/prodelcobre.cl\/nueva\/wp-content\/uploads\/2022\/04\/freepik.jpg",904,492,false],"landscape":["https:\/\/prodelcobre.cl\/nueva\/wp-content\/uploads\/2022\/04\/freepik.jpg",904,492,false],"portraits":["https:\/\/prodelcobre.cl\/nueva\/wp-content\/uploads\/2022\/04\/freepik.jpg",904,492,false],"thumbnail":["https:\/\/prodelcobre.cl\/nueva\/wp-content\/uploads\/2022\/04\/freepik-150x150.jpg",150,150,true],"medium":["https:\/\/prodelcobre.cl\/nueva\/wp-content\/uploads\/2022\/04\/freepik.jpg",904,492,false],"large":["https:\/\/prodelcobre.cl\/nueva\/wp-content\/uploads\/2022\/04\/freepik.jpg",904,492,false],"1536x1536":["https:\/\/prodelcobre.cl\/nueva\/wp-content\/uploads\/2022\/04\/freepik.jpg",904,492,false],"2048x2048":["https:\/\/prodelcobre.cl\/nueva\/wp-content\/uploads\/2022\/04\/freepik.jpg",904,492,false],"morenews-featured":["https:\/\/prodelcobre.cl\/nueva\/wp-content\/uploads\/2022\/04\/freepik.jpg",904,492,false],"morenews-large":["https:\/\/prodelcobre.cl\/nueva\/wp-content\/uploads\/2022\/04\/freepik.jpg",825,449,false],"morenews-medium":["https:\/\/prodelcobre.cl\/nueva\/wp-content\/uploads\/2022\/04\/freepik.jpg",590,321,false],"psacp-medium":["https:\/\/prodelcobre.cl\/nueva\/wp-content\/uploads\/2022\/04\/freepik.jpg",500,272,false]},"rttpg_author":{"display_name":"Francisco P\u00e9rez Alvi\u00e1rez","author_link":"https:\/\/prodelcobre.cl\/nueva\/author\/fperez\/"},"rttpg_comment":0,"rttpg_category":"<a href=\"https:\/\/prodelcobre.cl\/nueva\/category\/chile\/\" rel=\"category tag\">Chile<\/a> <a href=\"https:\/\/prodelcobre.cl\/nueva\/category\/noticias\/\" rel=\"category tag\">Noticias<\/a>","rttpg_excerpt":"Alberto van Klaveren por Chile y Santiago Cafiero por Argentina, suscribieron el memor\u00e1ndum para un Grupo de Trabajo","_links":{"self":[{"href":"https:\/\/prodelcobre.cl\/nueva\/wp-json\/wp\/v2\/posts\/9506","targetHints":{"allow":["GET"]}}],"collection":[{"href":"https:\/\/prodelcobre.cl\/nueva\/wp-json\/wp\/v2\/posts"}],"about":[{"href":"https:\/\/prodelcobre.cl\/nueva\/wp-json\/wp\/v2\/types\/post"}],"author":[{"embeddable":true,"href":"https:\/\/prodelcobre.cl\/nueva\/wp-json\/wp\/v2\/users\/3"}],"replies":[{"embeddable":true,"href":"https:\/\/prodelcobre.cl\/nueva\/wp-json\/wp\/v2\/comments?post=9506"}],"version-history":[{"count":1,"href":"https:\/\/prodelcobre.cl\/nueva\/wp-json\/wp\/v2\/posts\/9506\/revisions"}],"predecessor-version":[{"id":9507,"href":"https:\/\/prodelcobre.cl\/nueva\/wp-json\/wp\/v2\/posts\/9506\/revisions\/9507"}],"wp:featuredmedia":[{"embeddable":true,"href":"https:\/\/prodelcobre.cl\/nueva\/wp-json\/wp\/v2\/media\/5173"}],"wp:attachment":[{"href":"https:\/\/prodelcobre.cl\/nueva\/wp-json\/wp\/v2\/media?parent=9506"}],"wp:term":[{"taxonomy":"category","embeddable":true,"href":"https:\/\/prodelcobre.cl\/nueva\/wp-json\/wp\/v2\/categories?post=9506"},{"taxonomy":"post_tag","embeddable":true,"href":"https:\/\/prodelcobre.cl\/nueva\/wp-json\/wp\/v2\/tags?post=9506"}],"curies":[{"name":"wp","href":"https:\/\/api.w.org\/{rel}","templated":true}]}}