{"id":9509,"date":"2023-11-10T09:56:14","date_gmt":"2023-11-10T12:56:14","guid":{"rendered":"https:\/\/prodelcobre.cl\/nueva\/?p=9509"},"modified":"2023-11-10T09:56:14","modified_gmt":"2023-11-10T12:56:14","slug":"comunidades-de-atacama-rechazaron-ingreso-de-codelco-al-negocio-del-litio","status":"publish","type":"post","link":"https:\/\/prodelcobre.cl\/nueva\/comunidades-de-atacama-rechazaron-ingreso-de-codelco-al-negocio-del-litio\/","title":{"rendered":"Comunidades de Atacama rechazaron ingreso de Codelco al negocio del litio"},"content":{"rendered":"\n<h2 class=\"wp-block-heading\">El Consejo de Pueblos Atacame\u00f1os expres\u00f3 su desconfianza en la estatal del cobre por una presunta actitud permisiva en lo relacionado a la Direcci\u00f3n General de Aguas en Alto El Loa.<\/h2>\n\n\n\n<p class=\"has-medium-font-size\">El presidente del Consejo de Pueblos Atacame\u00f1os, Wladimir Reyes, expres\u00f3 su descontento y desconfianza con Codelco por lo que calific\u00f3 como \u201cpotencial impunidad en su actuar futuro, al menos contra SQM y Albemarle los organismos del Estado y la justicia act\u00faan, en cambio con Codelco la experiencia dice que no ha sido ni ser\u00e1 as\u00ed\u201d.<\/p>\n\n\n\n<p class=\"has-medium-font-size\">Seg\u00fan rese\u00f1\u00f3 Diario Financiero, la discusi\u00f3n est\u00e1 centrada en <strong>la oposici\u00f3n de los pueblos atacame\u00f1os al ingreso de Codelco en la cuenca del Salar de Atacama para la explotaci\u00f3n de litio post-2030<\/strong>, donde a pesar del di\u00e1logo y compromiso por parte de Codelco, las comunidades ind\u00edgenas no est\u00e1n convencidas y la confianza de la estatal contin\u00faa en juego.<\/p>\n","protected":false},"excerpt":{"rendered":"<p>El Consejo de Pueblos Atacame\u00f1os expres\u00f3 su desconfianza en la estatal del cobre por una presunta actitud permisiva<\/p>\n","protected":false},"author":3,"featured_media":8063,"comment_status":"closed","ping_status":"","sticky":false,"template":"","format":"standard","meta":{"footnotes":""},"categories":[51,52],"tags":[305,101],"class_list":["post-9509","post","type-post","status-publish","format-standard","has-post-thumbnail","hentry","category-chile","category-noticias","tag-atacama","tag-codelco"],"rttpg_featured_image_url":{"full":["https:\/\/prodelcobre.cl\/nueva\/wp-content\/uploads\/2023\/04\/codelco-1.jpg",1069,624,false],"landscape":["https:\/\/prodelcobre.cl\/nueva\/wp-content\/uploads\/2023\/04\/codelco-1.jpg",1069,624,false],"portraits":["https:\/\/prodelcobre.cl\/nueva\/wp-content\/uploads\/2023\/04\/codelco-1.jpg",1069,624,false],"thumbnail":["https:\/\/prodelcobre.cl\/nueva\/wp-content\/uploads\/2023\/04\/codelco-1-150x150.jpg",150,150,true],"medium":["https:\/\/prodelcobre.cl\/nueva\/wp-content\/uploads\/2023\/04\/codelco-1.jpg",1069,624,false],"large":["https:\/\/prodelcobre.cl\/nueva\/wp-content\/uploads\/2023\/04\/codelco-1.jpg",1069,624,false],"1536x1536":["https:\/\/prodelcobre.cl\/nueva\/wp-content\/uploads\/2023\/04\/codelco-1.jpg",1069,624,false],"2048x2048":["https:\/\/prodelcobre.cl\/nueva\/wp-content\/uploads\/2023\/04\/codelco-1.jpg",1069,624,false],"morenews-featured":["https:\/\/prodelcobre.cl\/nueva\/wp-content\/uploads\/2023\/04\/codelco-1.jpg",1024,598,false],"morenews-large":["https:\/\/prodelcobre.cl\/nueva\/wp-content\/uploads\/2023\/04\/codelco-1.jpg",825,482,false],"morenews-medium":["https:\/\/prodelcobre.cl\/nueva\/wp-content\/uploads\/2023\/04\/codelco-1.jpg",590,344,false],"psacp-medium":["https:\/\/prodelcobre.cl\/nueva\/wp-content\/uploads\/2023\/04\/codelco-1.jpg",500,292,false]},"rttpg_author":{"display_name":"Francisco P\u00e9rez Alvi\u00e1rez","author_link":"https:\/\/prodelcobre.cl\/nueva\/author\/fperez\/"},"rttpg_comment":0,"rttpg_category":"<a href=\"https:\/\/prodelcobre.cl\/nueva\/category\/chile\/\" rel=\"category tag\">Chile<\/a> <a href=\"https:\/\/prodelcobre.cl\/nueva\/category\/noticias\/\" rel=\"category tag\">Noticias<\/a>","rttpg_excerpt":"El Consejo de Pueblos Atacame\u00f1os expres\u00f3 su desconfianza en la estatal del cobre por una presunta actitud permisiva","_links":{"self":[{"href":"https:\/\/prodelcobre.cl\/nueva\/wp-json\/wp\/v2\/posts\/9509","targetHints":{"allow":["GET"]}}],"collection":[{"href":"https:\/\/prodelcobre.cl\/nueva\/wp-json\/wp\/v2\/posts"}],"about":[{"href":"https:\/\/prodelcobre.cl\/nueva\/wp-json\/wp\/v2\/types\/post"}],"author":[{"embeddable":true,"href":"https:\/\/prodelcobre.cl\/nueva\/wp-json\/wp\/v2\/users\/3"}],"replies":[{"embeddable":true,"href":"https:\/\/prodelcobre.cl\/nueva\/wp-json\/wp\/v2\/comments?post=9509"}],"version-history":[{"count":1,"href":"https:\/\/prodelcobre.cl\/nueva\/wp-json\/wp\/v2\/posts\/9509\/revisions"}],"predecessor-version":[{"id":9510,"href":"https:\/\/prodelcobre.cl\/nueva\/wp-json\/wp\/v2\/posts\/9509\/revisions\/9510"}],"wp:featuredmedia":[{"embeddable":true,"href":"https:\/\/prodelcobre.cl\/nueva\/wp-json\/wp\/v2\/media\/8063"}],"wp:attachment":[{"href":"https:\/\/prodelcobre.cl\/nueva\/wp-json\/wp\/v2\/media?parent=9509"}],"wp:term":[{"taxonomy":"category","embeddable":true,"href":"https:\/\/prodelcobre.cl\/nueva\/wp-json\/wp\/v2\/categories?post=9509"},{"taxonomy":"post_tag","embeddable":true,"href":"https:\/\/prodelcobre.cl\/nueva\/wp-json\/wp\/v2\/tags?post=9509"}],"curies":[{"name":"wp","href":"https:\/\/api.w.org\/{rel}","templated":true}]}}