{"id":9511,"date":"2023-11-10T14:31:04","date_gmt":"2023-11-10T17:31:04","guid":{"rendered":"https:\/\/prodelcobre.cl\/nueva\/?p=9511"},"modified":"2023-11-10T14:31:05","modified_gmt":"2023-11-10T17:31:05","slug":"corfo-mejorara-credito-verde-con-hasta-us-20-millones-para-proyectos-de-energias-renovables","status":"publish","type":"post","link":"https:\/\/prodelcobre.cl\/nueva\/corfo-mejorara-credito-verde-con-hasta-us-20-millones-para-proyectos-de-energias-renovables\/","title":{"rendered":"Corfo mejorar\u00e1 &#8220;cr\u00e9dito verde&#8221; con hasta US $20 millones para proyectos de energ\u00edas renovables"},"content":{"rendered":"\n<h2 class=\"wp-block-heading\">La entidad busca beneficiar a empresas que propongan proyectos sustentables de energ\u00eda con el fin de avanzar en la sostenibilidad energ\u00e9tica del pa\u00eds. <\/h2>\n\n\n\n<p class=\"has-medium-font-size\">Corfo anunci\u00f3 importantes mejoras a su Cr\u00e9dito Verde, programa que permite a empresas y emprendimientos, acceder a financiamiento para invertir en proyectos de Energ\u00eda Renovable No Convencionales (ERNC), Eficiencia Energ\u00e9tica y Econom\u00eda Circular, con el fin de avanzar hacia un desarrollo productivo cada vez m\u00e1s sostenible en Chile.<\/p>\n\n\n\n<p class=\"has-medium-font-size\">La entidad indic\u00f3 que a trav\u00e9s de su Cr\u00e9dito Verde, otorgar\u00e1n financiamiento (cr\u00e9ditos) de hasta US $20 millones a empresas cuyas ventas no superen las UF 600.000 anuales y quieran desarrollar proyectos que aporten a mitigar los efectos del cambio clim\u00e1tico e impacten positivamente en el medio ambiente.<\/p>\n\n\n\n<p class=\"has-medium-font-size\">Corfo tambi\u00e9n anunci\u00f3 una rebaja de tasas de inter\u00e9s y una mayor flexibilidad de las entidades financieras que quieran operar con este instrumento. <\/p>\n","protected":false},"excerpt":{"rendered":"<p>La entidad busca beneficiar a empresas que propongan proyectos sustentables de energ\u00eda con el fin de avanzar en<\/p>\n","protected":false},"author":3,"featured_media":5306,"comment_status":"closed","ping_status":"closed","sticky":false,"template":"","format":"standard","meta":{"footnotes":""},"categories":[51,59,52],"tags":[391,90],"class_list":["post-9511","post","type-post","status-publish","format-standard","has-post-thumbnail","hentry","category-chile","category-energia","category-noticias","tag-corfo","tag-energia"],"rttpg_featured_image_url":{"full":["https:\/\/prodelcobre.cl\/nueva\/wp-content\/uploads\/2022\/04\/freepik-energia-eolica.jpg",765,508,false],"landscape":["https:\/\/prodelcobre.cl\/nueva\/wp-content\/uploads\/2022\/04\/freepik-energia-eolica.jpg",765,508,false],"portraits":["https:\/\/prodelcobre.cl\/nueva\/wp-content\/uploads\/2022\/04\/freepik-energia-eolica.jpg",765,508,false],"thumbnail":["https:\/\/prodelcobre.cl\/nueva\/wp-content\/uploads\/2022\/04\/freepik-energia-eolica-150x150.jpg",150,150,true],"medium":["https:\/\/prodelcobre.cl\/nueva\/wp-content\/uploads\/2022\/04\/freepik-energia-eolica.jpg",765,508,false],"large":["https:\/\/prodelcobre.cl\/nueva\/wp-content\/uploads\/2022\/04\/freepik-energia-eolica.jpg",765,508,false],"1536x1536":["https:\/\/prodelcobre.cl\/nueva\/wp-content\/uploads\/2022\/04\/freepik-energia-eolica.jpg",765,508,false],"2048x2048":["https:\/\/prodelcobre.cl\/nueva\/wp-content\/uploads\/2022\/04\/freepik-energia-eolica.jpg",765,508,false],"morenews-featured":["https:\/\/prodelcobre.cl\/nueva\/wp-content\/uploads\/2022\/04\/freepik-energia-eolica.jpg",765,508,false],"morenews-large":["https:\/\/prodelcobre.cl\/nueva\/wp-content\/uploads\/2022\/04\/freepik-energia-eolica.jpg",765,508,false],"morenews-medium":["https:\/\/prodelcobre.cl\/nueva\/wp-content\/uploads\/2022\/04\/freepik-energia-eolica.jpg",590,392,false],"psacp-medium":["https:\/\/prodelcobre.cl\/nueva\/wp-content\/uploads\/2022\/04\/freepik-energia-eolica.jpg",500,332,false]},"rttpg_author":{"display_name":"Francisco P\u00e9rez Alvi\u00e1rez","author_link":"https:\/\/prodelcobre.cl\/nueva\/author\/fperez\/"},"rttpg_comment":0,"rttpg_category":"<a href=\"https:\/\/prodelcobre.cl\/nueva\/category\/chile\/\" rel=\"category tag\">Chile<\/a> <a href=\"https:\/\/prodelcobre.cl\/nueva\/category\/energia\/\" rel=\"category tag\">Energ\u00eda<\/a> <a href=\"https:\/\/prodelcobre.cl\/nueva\/category\/noticias\/\" rel=\"category tag\">Noticias<\/a>","rttpg_excerpt":"La entidad busca beneficiar a empresas que propongan proyectos sustentables de energ\u00eda con el fin de avanzar en","_links":{"self":[{"href":"https:\/\/prodelcobre.cl\/nueva\/wp-json\/wp\/v2\/posts\/9511","targetHints":{"allow":["GET"]}}],"collection":[{"href":"https:\/\/prodelcobre.cl\/nueva\/wp-json\/wp\/v2\/posts"}],"about":[{"href":"https:\/\/prodelcobre.cl\/nueva\/wp-json\/wp\/v2\/types\/post"}],"author":[{"embeddable":true,"href":"https:\/\/prodelcobre.cl\/nueva\/wp-json\/wp\/v2\/users\/3"}],"replies":[{"embeddable":true,"href":"https:\/\/prodelcobre.cl\/nueva\/wp-json\/wp\/v2\/comments?post=9511"}],"version-history":[{"count":1,"href":"https:\/\/prodelcobre.cl\/nueva\/wp-json\/wp\/v2\/posts\/9511\/revisions"}],"predecessor-version":[{"id":9512,"href":"https:\/\/prodelcobre.cl\/nueva\/wp-json\/wp\/v2\/posts\/9511\/revisions\/9512"}],"wp:featuredmedia":[{"embeddable":true,"href":"https:\/\/prodelcobre.cl\/nueva\/wp-json\/wp\/v2\/media\/5306"}],"wp:attachment":[{"href":"https:\/\/prodelcobre.cl\/nueva\/wp-json\/wp\/v2\/media?parent=9511"}],"wp:term":[{"taxonomy":"category","embeddable":true,"href":"https:\/\/prodelcobre.cl\/nueva\/wp-json\/wp\/v2\/categories?post=9511"},{"taxonomy":"post_tag","embeddable":true,"href":"https:\/\/prodelcobre.cl\/nueva\/wp-json\/wp\/v2\/tags?post=9511"}],"curies":[{"name":"wp","href":"https:\/\/api.w.org\/{rel}","templated":true}]}}