{"id":9549,"date":"2023-11-13T09:45:09","date_gmt":"2023-11-13T12:45:09","guid":{"rendered":"https:\/\/prodelcobre.cl\/nueva\/?p=9549"},"modified":"2023-11-13T09:45:10","modified_gmt":"2023-11-13T12:45:10","slug":"women-in-mining-chile-realizara-el-primer-encuentro-global-de-mujeres-en-mineria","status":"publish","type":"post","link":"https:\/\/prodelcobre.cl\/nueva\/women-in-mining-chile-realizara-el-primer-encuentro-global-de-mujeres-en-mineria\/","title":{"rendered":"Women in Mining Chile realizar\u00e1 el Primer Encuentro Global de Mujeres en Miner\u00eda"},"content":{"rendered":"\n<h2 class=\"wp-block-heading\">La cita ser\u00e1 en el Hotel Mandarin Oriental, contar\u00e1 con la asistencia de l\u00edderes y lideresas de la industria alrededor de paneles junto a expertos en temas medioambientales, sociales y de gobernanza y c\u00f3mo estos impactan a la miner\u00eda.<\/h2>\n\n\n\n<p class=\"has-medium-font-size\">Women in Mining Chile llevar\u00e1 a cabo este 15 y 16 de noviembre el <strong>Encuentro Global de Mujeres en Miner\u00eda<\/strong>, un evento dise\u00f1ado para para compartir aprendizajes y establecer lazos colaborativos que permitir\u00e1n conocer los desaf\u00edos y escuchar las lecciones aprendidas para la gesti\u00f3n de una miner\u00eda m\u00e1s inclusiva desde una mirada de la experiencia de mujeres de distintos pa\u00edses.&nbsp;<\/p>\n\n\n\n<p class=\"has-medium-font-size\">En el encuentro participar\u00e1n l\u00edderes y lideresas de la industria alrededor de paneles junto a expertos en temas medioambientales, sociales y de gobernanza y c\u00f3mo estos impactan a la miner\u00eda. La jornada denominada&nbsp;<strong>Miner\u00eda del Futuro: M\u00e1s all\u00e1 de la inclusi\u00f3n y liderazgo&nbsp;<\/strong>finalizar\u00e1 con la charla de Michelle P. King, experta global en inequidad y cultura organizacional.&nbsp;<\/p>\n\n\n\n<p class=\"has-medium-font-size\">Una vez finalizado el encuentro, Women in Mining Chile cerrar\u00e1 la jornada con la tradicional&nbsp;<strong>Cena Anual WIM Chile<\/strong>, en que la organizaci\u00f3n celebrar\u00e1 sus 8 a\u00f1os de existencia y reconocer\u00e1 a referentes de la industria chilena en distintas categor\u00edas.<\/p>\n","protected":false},"excerpt":{"rendered":"<p>La cita ser\u00e1 en el Hotel Mandarin Oriental, contar\u00e1 con la asistencia de l\u00edderes y lideresas de la<\/p>\n","protected":false},"author":3,"featured_media":9550,"comment_status":"closed","ping_status":"closed","sticky":false,"template":"","format":"standard","meta":{"footnotes":""},"categories":[51,52],"tags":[89,389],"class_list":["post-9549","post","type-post","status-publish","format-standard","has-post-thumbnail","hentry","category-chile","category-noticias","tag-mineria-4","tag-mujer"],"rttpg_featured_image_url":{"full":["https:\/\/prodelcobre.cl\/nueva\/wp-content\/uploads\/2023\/11\/mujer-minera-freepik.jpg",930,536,false],"landscape":["https:\/\/prodelcobre.cl\/nueva\/wp-content\/uploads\/2023\/11\/mujer-minera-freepik.jpg",930,536,false],"portraits":["https:\/\/prodelcobre.cl\/nueva\/wp-content\/uploads\/2023\/11\/mujer-minera-freepik.jpg",930,536,false],"thumbnail":["https:\/\/prodelcobre.cl\/nueva\/wp-content\/uploads\/2023\/11\/mujer-minera-freepik-150x150.jpg",150,150,true],"medium":["https:\/\/prodelcobre.cl\/nueva\/wp-content\/uploads\/2023\/11\/mujer-minera-freepik.jpg",930,536,false],"large":["https:\/\/prodelcobre.cl\/nueva\/wp-content\/uploads\/2023\/11\/mujer-minera-freepik.jpg",930,536,false],"1536x1536":["https:\/\/prodelcobre.cl\/nueva\/wp-content\/uploads\/2023\/11\/mujer-minera-freepik.jpg",930,536,false],"2048x2048":["https:\/\/prodelcobre.cl\/nueva\/wp-content\/uploads\/2023\/11\/mujer-minera-freepik.jpg",930,536,false],"morenews-featured":["https:\/\/prodelcobre.cl\/nueva\/wp-content\/uploads\/2023\/11\/mujer-minera-freepik.jpg",930,536,false],"morenews-large":["https:\/\/prodelcobre.cl\/nueva\/wp-content\/uploads\/2023\/11\/mujer-minera-freepik-825x536.jpg",825,536,true],"morenews-medium":["https:\/\/prodelcobre.cl\/nueva\/wp-content\/uploads\/2023\/11\/mujer-minera-freepik-590x410.jpg",590,410,true],"psacp-medium":["https:\/\/prodelcobre.cl\/nueva\/wp-content\/uploads\/2023\/11\/mujer-minera-freepik.jpg",500,288,false]},"rttpg_author":{"display_name":"Francisco P\u00e9rez Alvi\u00e1rez","author_link":"https:\/\/prodelcobre.cl\/nueva\/author\/fperez\/"},"rttpg_comment":0,"rttpg_category":"<a href=\"https:\/\/prodelcobre.cl\/nueva\/category\/chile\/\" rel=\"category tag\">Chile<\/a> <a href=\"https:\/\/prodelcobre.cl\/nueva\/category\/noticias\/\" rel=\"category tag\">Noticias<\/a>","rttpg_excerpt":"La cita ser\u00e1 en el Hotel Mandarin Oriental, contar\u00e1 con la asistencia de l\u00edderes y lideresas de la","_links":{"self":[{"href":"https:\/\/prodelcobre.cl\/nueva\/wp-json\/wp\/v2\/posts\/9549","targetHints":{"allow":["GET"]}}],"collection":[{"href":"https:\/\/prodelcobre.cl\/nueva\/wp-json\/wp\/v2\/posts"}],"about":[{"href":"https:\/\/prodelcobre.cl\/nueva\/wp-json\/wp\/v2\/types\/post"}],"author":[{"embeddable":true,"href":"https:\/\/prodelcobre.cl\/nueva\/wp-json\/wp\/v2\/users\/3"}],"replies":[{"embeddable":true,"href":"https:\/\/prodelcobre.cl\/nueva\/wp-json\/wp\/v2\/comments?post=9549"}],"version-history":[{"count":1,"href":"https:\/\/prodelcobre.cl\/nueva\/wp-json\/wp\/v2\/posts\/9549\/revisions"}],"predecessor-version":[{"id":9551,"href":"https:\/\/prodelcobre.cl\/nueva\/wp-json\/wp\/v2\/posts\/9549\/revisions\/9551"}],"wp:featuredmedia":[{"embeddable":true,"href":"https:\/\/prodelcobre.cl\/nueva\/wp-json\/wp\/v2\/media\/9550"}],"wp:attachment":[{"href":"https:\/\/prodelcobre.cl\/nueva\/wp-json\/wp\/v2\/media?parent=9549"}],"wp:term":[{"taxonomy":"category","embeddable":true,"href":"https:\/\/prodelcobre.cl\/nueva\/wp-json\/wp\/v2\/categories?post=9549"},{"taxonomy":"post_tag","embeddable":true,"href":"https:\/\/prodelcobre.cl\/nueva\/wp-json\/wp\/v2\/tags?post=9549"}],"curies":[{"name":"wp","href":"https:\/\/api.w.org\/{rel}","templated":true}]}}