{"id":9552,"date":"2023-11-13T10:55:32","date_gmt":"2023-11-13T13:55:32","guid":{"rendered":"https:\/\/prodelcobre.cl\/nueva\/?p=9552"},"modified":"2023-11-13T10:55:33","modified_gmt":"2023-11-13T13:55:33","slug":"en-arica-y-paranicota-arrancaron-jornadas-de-dialogos-por-la-estrategia-nacional-del-litio","status":"publish","type":"post","link":"https:\/\/prodelcobre.cl\/nueva\/en-arica-y-paranicota-arrancaron-jornadas-de-dialogos-por-la-estrategia-nacional-del-litio\/","title":{"rendered":"En Arica y Paranicota arrancaron jornadas de Di\u00e1logos por la Estrategia Nacional del Litio"},"content":{"rendered":"\n<h2 class=\"wp-block-heading\">Las actividades se dan en el marco del trabajo del Ministerio de Miner\u00eda para sociabilizar el tema en el norte del pa\u00eds.<\/h2>\n\n\n\n<p class=\"has-medium-font-size\">Con el inter\u00e9s en acercar a los ciudadanos, comunidades ind\u00edgenas y dem\u00e1s representantes de la sociedad en lo referente al litio, el Ministerio de Miner\u00eda inici\u00f3 los Di\u00e1logos para la Estrategia Nacional del Litio en el norte del pa\u00eds, espec\u00edficamente en Arica y Paranicota.<\/p>\n\n\n\n<p class=\"has-medium-font-size\">Los encuentros est\u00e1n enfocados en recoger&nbsp;<strong>percepciones, inquietudes y propuestas de la ciudadan\u00eda respecto a esta iniciativa de gobierno&nbsp;<\/strong>que persigue potenciar el desarrollo del litio en Chile. El acto estuvo encabezado por la subsecretaria de la cartera, Suina Chahu\u00e1n, quien junto a la ministra de Ciencia, Tecnolog\u00eda, Conocimiento e Innovaci\u00f3n, Ais\u00e9n Etcheverry, encabez\u00f3 el primer di\u00e1logo.<\/p>\n\n\n\n<p class=\"has-medium-font-size\">Prontamente, se anunciar\u00e1n nuevas citas en las regiones de Tarapac\u00e1 y Antofagasta. Las personas y organizaciones interesadas&nbsp;<strong>pueden sumarse e informarse en la p\u00e1gina web de Participaci\u00f3n Ciudadana del Ministerio de Miner\u00eda<\/strong>:&nbsp;<a href=\"https:\/\/participa.minmineria.gob.cl\/\" target=\"_blank\" rel=\"noreferrer noopener\">https:\/\/participa.minmineria.gob.cl\/<\/a>.<\/p>\n","protected":false},"excerpt":{"rendered":"<p>Las actividades se dan en el marco del trabajo del Ministerio de Miner\u00eda para sociabilizar el tema en<\/p>\n","protected":false},"author":3,"featured_media":9557,"comment_status":"closed","ping_status":"closed","sticky":false,"template":"","format":"standard","meta":{"footnotes":""},"categories":[51],"tags":[100,89],"class_list":["post-9552","post","type-post","status-publish","format-standard","has-post-thumbnail","hentry","category-chile","tag-litio","tag-mineria-4"],"rttpg_featured_image_url":{"full":["https:\/\/prodelcobre.cl\/nueva\/wp-content\/uploads\/2023\/11\/litio-freepik.jpg",969,592,false],"landscape":["https:\/\/prodelcobre.cl\/nueva\/wp-content\/uploads\/2023\/11\/litio-freepik.jpg",969,592,false],"portraits":["https:\/\/prodelcobre.cl\/nueva\/wp-content\/uploads\/2023\/11\/litio-freepik.jpg",969,592,false],"thumbnail":["https:\/\/prodelcobre.cl\/nueva\/wp-content\/uploads\/2023\/11\/litio-freepik-150x150.jpg",150,150,true],"medium":["https:\/\/prodelcobre.cl\/nueva\/wp-content\/uploads\/2023\/11\/litio-freepik.jpg",969,592,false],"large":["https:\/\/prodelcobre.cl\/nueva\/wp-content\/uploads\/2023\/11\/litio-freepik.jpg",969,592,false],"1536x1536":["https:\/\/prodelcobre.cl\/nueva\/wp-content\/uploads\/2023\/11\/litio-freepik.jpg",969,592,false],"2048x2048":["https:\/\/prodelcobre.cl\/nueva\/wp-content\/uploads\/2023\/11\/litio-freepik.jpg",969,592,false],"morenews-featured":["https:\/\/prodelcobre.cl\/nueva\/wp-content\/uploads\/2023\/11\/litio-freepik.jpg",969,592,false],"morenews-large":["https:\/\/prodelcobre.cl\/nueva\/wp-content\/uploads\/2023\/11\/litio-freepik-825x575.jpg",825,575,true],"morenews-medium":["https:\/\/prodelcobre.cl\/nueva\/wp-content\/uploads\/2023\/11\/litio-freepik-590x410.jpg",590,410,true],"psacp-medium":["https:\/\/prodelcobre.cl\/nueva\/wp-content\/uploads\/2023\/11\/litio-freepik.jpg",500,305,false]},"rttpg_author":{"display_name":"Francisco P\u00e9rez Alvi\u00e1rez","author_link":"https:\/\/prodelcobre.cl\/nueva\/author\/fperez\/"},"rttpg_comment":0,"rttpg_category":"<a href=\"https:\/\/prodelcobre.cl\/nueva\/category\/chile\/\" rel=\"category tag\">Chile<\/a>","rttpg_excerpt":"Las actividades se dan en el marco del trabajo del Ministerio de Miner\u00eda para sociabilizar el tema en","_links":{"self":[{"href":"https:\/\/prodelcobre.cl\/nueva\/wp-json\/wp\/v2\/posts\/9552","targetHints":{"allow":["GET"]}}],"collection":[{"href":"https:\/\/prodelcobre.cl\/nueva\/wp-json\/wp\/v2\/posts"}],"about":[{"href":"https:\/\/prodelcobre.cl\/nueva\/wp-json\/wp\/v2\/types\/post"}],"author":[{"embeddable":true,"href":"https:\/\/prodelcobre.cl\/nueva\/wp-json\/wp\/v2\/users\/3"}],"replies":[{"embeddable":true,"href":"https:\/\/prodelcobre.cl\/nueva\/wp-json\/wp\/v2\/comments?post=9552"}],"version-history":[{"count":1,"href":"https:\/\/prodelcobre.cl\/nueva\/wp-json\/wp\/v2\/posts\/9552\/revisions"}],"predecessor-version":[{"id":9558,"href":"https:\/\/prodelcobre.cl\/nueva\/wp-json\/wp\/v2\/posts\/9552\/revisions\/9558"}],"wp:featuredmedia":[{"embeddable":true,"href":"https:\/\/prodelcobre.cl\/nueva\/wp-json\/wp\/v2\/media\/9557"}],"wp:attachment":[{"href":"https:\/\/prodelcobre.cl\/nueva\/wp-json\/wp\/v2\/media?parent=9552"}],"wp:term":[{"taxonomy":"category","embeddable":true,"href":"https:\/\/prodelcobre.cl\/nueva\/wp-json\/wp\/v2\/categories?post=9552"},{"taxonomy":"post_tag","embeddable":true,"href":"https:\/\/prodelcobre.cl\/nueva\/wp-json\/wp\/v2\/tags?post=9552"}],"curies":[{"name":"wp","href":"https:\/\/api.w.org\/{rel}","templated":true}]}}