{"id":9594,"date":"2023-11-14T09:16:34","date_gmt":"2023-11-14T12:16:34","guid":{"rendered":"https:\/\/prodelcobre.cl\/nueva\/?p=9594"},"modified":"2023-11-14T09:16:35","modified_gmt":"2023-11-14T12:16:35","slug":"hydroprocess-2023-analizo-los-desafios-presentes-y-futuros-en-la-hidrometalurgia-a-nivel-mundial","status":"publish","type":"post","link":"https:\/\/prodelcobre.cl\/nueva\/hydroprocess-2023-analizo-los-desafios-presentes-y-futuros-en-la-hidrometalurgia-a-nivel-mundial\/","title":{"rendered":"Hydroprocess 2023 analiz\u00f3 los desaf\u00edos presentes y futuros en la hidrometalurgia a nivel mundial"},"content":{"rendered":"\n<h2 class=\"wp-block-heading\">El encuentro se realiz\u00f3 desde el 7 al 9 de noviembre y cont\u00f3 con la presencia de m\u00e1s de 360 participantes quienes abordaron los \u00faltimos desarrollos en los procesos hidrometal\u00fargicos.&nbsp;<\/h2>\n\n\n\n<p class=\"has-medium-font-size\">La&nbsp;<strong>14\u00aa Conferencia Internacional de Procesos Hidrometal\u00fargicos \u2013 Hydroprocess 2023<\/strong>, cont\u00f3 con la participaci\u00f3n de ejecutivos, profesionales, representantes de empresas proveedoras y acad\u00e9micos de 19 pa\u00edses, quienes compartieron y conocieron los principales avances de la hidrometalurgia. En esta ocasi\u00f3n, la organizaci\u00f3n de la Conferencia estuvo a cargo de la Universidad de Antofagasta, la Universidad de British Columbia en conjunto a Gecamin.<\/p>\n\n\n\n<p class=\"has-medium-font-size\">En los tres d\u00edas en los que se desarroll\u00f3&nbsp;<strong>Hydroprocess<\/strong>&nbsp;<strong>2023<\/strong>, lo m\u00e1s de 360 participantes pudieron conocer los principales desarrollos de la miner\u00eda nacional e internacional en cuanto lixiviaci\u00f3n y biolixiviaci\u00f3n de minerales (sulfurados y concentrados), recuperaci\u00f3n hidrometal\u00fargica de elementos menores desde residuos mineros, control en los procesos de trituraci\u00f3n, mineralog\u00eda aplicada, clasificaci\u00f3n y selecci\u00f3n de minerales, gesti\u00f3n de procesos en flotaci\u00f3n.<\/p>\n\n\n\n<p class=\"has-medium-font-size\">La&nbsp;<strong>14\u00aa Conferencia Internacional de Procesos Hidrometal\u00fargico&nbsp;<\/strong>tuvo la presencia de ejecutivos del \u00e1rea quienes dieron a conocer, a trav\u00e9s de charlas plenarias, los principales desarrollos que se est\u00e1n realizando dentro de sus faenas. Se destaca la participaci\u00f3n&nbsp;<strong>B\u00e1rbara Valdivia<\/strong>, Directora de Desarrollo Hidrometal\u00fargico Sulfuros, Distrito Norte, Codelco (Chile),&nbsp;<strong>Saddy Peroncini<\/strong>, Gerente Planta de \u00d3xidos, Mina Justa, Marcobre (Per\u00fa);&nbsp;<strong>Pablo Carvallo<\/strong>, Gerente General, Compa\u00f1\u00eda Minera Lomas Bayas, Glencore (Chile);&nbsp;<strong>Gonzalo Barcos<\/strong>, Gerente de Planta C\u00e1todos, Minera Centinela, Antofagasta Minerals (Chile);&nbsp;<strong>Carlos D\u00edaz<\/strong>, Vicepresidente Divisi\u00f3n Negocio Litio, SQM (Chile); y&nbsp;<strong>Percy Ponce<\/strong>, Gerente de Metalurgia y Desarrollo de Negocios, Compa\u00f1\u00eda de Minas Buenaventura (Per\u00fa).<\/p>\n","protected":false},"excerpt":{"rendered":"<p>El encuentro se realiz\u00f3 desde el 7 al 9 de noviembre y cont\u00f3 con la presencia de m\u00e1s<\/p>\n","protected":false},"author":3,"featured_media":9595,"comment_status":"closed","ping_status":"closed","sticky":false,"template":"","format":"standard","meta":{"footnotes":""},"categories":[51,52],"tags":[530],"class_list":["post-9594","post","type-post","status-publish","format-standard","has-post-thumbnail","hentry","category-chile","category-noticias","tag-metalurgia"],"rttpg_featured_image_url":{"full":["https:\/\/prodelcobre.cl\/nueva\/wp-content\/uploads\/2023\/11\/Comite-editorial-Hydroprocess-2023-Cortesia-Gecamin.jpg",1024,683,false],"landscape":["https:\/\/prodelcobre.cl\/nueva\/wp-content\/uploads\/2023\/11\/Comite-editorial-Hydroprocess-2023-Cortesia-Gecamin.jpg",1024,683,false],"portraits":["https:\/\/prodelcobre.cl\/nueva\/wp-content\/uploads\/2023\/11\/Comite-editorial-Hydroprocess-2023-Cortesia-Gecamin.jpg",1024,683,false],"thumbnail":["https:\/\/prodelcobre.cl\/nueva\/wp-content\/uploads\/2023\/11\/Comite-editorial-Hydroprocess-2023-Cortesia-Gecamin-150x150.jpg",150,150,true],"medium":["https:\/\/prodelcobre.cl\/nueva\/wp-content\/uploads\/2023\/11\/Comite-editorial-Hydroprocess-2023-Cortesia-Gecamin.jpg",1024,683,false],"large":["https:\/\/prodelcobre.cl\/nueva\/wp-content\/uploads\/2023\/11\/Comite-editorial-Hydroprocess-2023-Cortesia-Gecamin.jpg",1024,683,false],"1536x1536":["https:\/\/prodelcobre.cl\/nueva\/wp-content\/uploads\/2023\/11\/Comite-editorial-Hydroprocess-2023-Cortesia-Gecamin.jpg",1024,683,false],"2048x2048":["https:\/\/prodelcobre.cl\/nueva\/wp-content\/uploads\/2023\/11\/Comite-editorial-Hydroprocess-2023-Cortesia-Gecamin.jpg",1024,683,false],"morenews-featured":["https:\/\/prodelcobre.cl\/nueva\/wp-content\/uploads\/2023\/11\/Comite-editorial-Hydroprocess-2023-Cortesia-Gecamin.jpg",1024,683,false],"morenews-large":["https:\/\/prodelcobre.cl\/nueva\/wp-content\/uploads\/2023\/11\/Comite-editorial-Hydroprocess-2023-Cortesia-Gecamin-825x575.jpg",825,575,true],"morenews-medium":["https:\/\/prodelcobre.cl\/nueva\/wp-content\/uploads\/2023\/11\/Comite-editorial-Hydroprocess-2023-Cortesia-Gecamin-590x410.jpg",590,410,true],"psacp-medium":["https:\/\/prodelcobre.cl\/nueva\/wp-content\/uploads\/2023\/11\/Comite-editorial-Hydroprocess-2023-Cortesia-Gecamin.jpg",500,333,false]},"rttpg_author":{"display_name":"Francisco P\u00e9rez Alvi\u00e1rez","author_link":"https:\/\/prodelcobre.cl\/nueva\/author\/fperez\/"},"rttpg_comment":0,"rttpg_category":"<a href=\"https:\/\/prodelcobre.cl\/nueva\/category\/chile\/\" rel=\"category tag\">Chile<\/a> <a href=\"https:\/\/prodelcobre.cl\/nueva\/category\/noticias\/\" rel=\"category tag\">Noticias<\/a>","rttpg_excerpt":"El encuentro se realiz\u00f3 desde el 7 al 9 de noviembre y cont\u00f3 con la presencia de m\u00e1s","_links":{"self":[{"href":"https:\/\/prodelcobre.cl\/nueva\/wp-json\/wp\/v2\/posts\/9594","targetHints":{"allow":["GET"]}}],"collection":[{"href":"https:\/\/prodelcobre.cl\/nueva\/wp-json\/wp\/v2\/posts"}],"about":[{"href":"https:\/\/prodelcobre.cl\/nueva\/wp-json\/wp\/v2\/types\/post"}],"author":[{"embeddable":true,"href":"https:\/\/prodelcobre.cl\/nueva\/wp-json\/wp\/v2\/users\/3"}],"replies":[{"embeddable":true,"href":"https:\/\/prodelcobre.cl\/nueva\/wp-json\/wp\/v2\/comments?post=9594"}],"version-history":[{"count":1,"href":"https:\/\/prodelcobre.cl\/nueva\/wp-json\/wp\/v2\/posts\/9594\/revisions"}],"predecessor-version":[{"id":9596,"href":"https:\/\/prodelcobre.cl\/nueva\/wp-json\/wp\/v2\/posts\/9594\/revisions\/9596"}],"wp:featuredmedia":[{"embeddable":true,"href":"https:\/\/prodelcobre.cl\/nueva\/wp-json\/wp\/v2\/media\/9595"}],"wp:attachment":[{"href":"https:\/\/prodelcobre.cl\/nueva\/wp-json\/wp\/v2\/media?parent=9594"}],"wp:term":[{"taxonomy":"category","embeddable":true,"href":"https:\/\/prodelcobre.cl\/nueva\/wp-json\/wp\/v2\/categories?post=9594"},{"taxonomy":"post_tag","embeddable":true,"href":"https:\/\/prodelcobre.cl\/nueva\/wp-json\/wp\/v2\/tags?post=9594"}],"curies":[{"name":"wp","href":"https:\/\/api.w.org\/{rel}","templated":true}]}}