{"id":9597,"date":"2023-11-14T09:41:07","date_gmt":"2023-11-14T12:41:07","guid":{"rendered":"https:\/\/prodelcobre.cl\/nueva\/?p=9597"},"modified":"2023-11-14T09:41:09","modified_gmt":"2023-11-14T12:41:09","slug":"sonami-presento-medidas-al-gobierno-para-aumentar-la-produccion-minera","status":"publish","type":"post","link":"https:\/\/prodelcobre.cl\/nueva\/sonami-presento-medidas-al-gobierno-para-aumentar-la-produccion-minera\/","title":{"rendered":"Sonami present\u00f3 medidas al Gobierno para  aumentar la producci\u00f3n minera"},"content":{"rendered":"\n<h2 class=\"wp-block-heading\">Desde el gremio plantearon al Gobierno diversas iniciativas para acelerar la producci\u00f3n en los grandes proyectos y sumar un mill\u00f3n de toneladas extra de cobre en el corto plazo.<\/h2>\n\n\n\n<p class=\"has-medium-font-size\">Sonami present\u00f3 al Gobierno una propuesta con la que buscan superar el estancamiento de la producci\u00f3n minera por medio de siete medidas con las que cuenta el documento elaborado por el gremio.<\/p>\n\n\n\n<p class=\"has-medium-font-size\">Seg\u00fan indic\u00f3 El Mercurio, Sonami apunta a al menos tres elementos. El primero es el envejecimiento de los yacimientos, que trae consigo una ca\u00edda en las leyes de mineral; en segundo lugar, destacan que hay factores externos como la incerteza jur\u00eddica, que impide que ingresen nuevos proyectos que aporten nueva producci\u00f3n. Y, por \u00faltimo, tal como se viene advirtiendo desde hace a\u00f1os, existe un cuello de botella asociado a temas de \u201cpermisolog\u00eda\u201d que dificulta el desarrollo de otras iniciativas.<\/p>\n","protected":false},"excerpt":{"rendered":"<p>Desde el gremio plantearon al Gobierno diversas iniciativas para acelerar la producci\u00f3n en los grandes proyectos y sumar<\/p>\n","protected":false},"author":3,"featured_media":3894,"comment_status":"closed","ping_status":"closed","sticky":false,"template":"","format":"standard","meta":{"footnotes":""},"categories":[51,52],"tags":[89,164],"class_list":["post-9597","post","type-post","status-publish","format-standard","has-post-thumbnail","hentry","category-chile","category-noticias","tag-mineria-4","tag-sonami"],"rttpg_featured_image_url":{"full":["https:\/\/prodelcobre.cl\/nueva\/wp-content\/uploads\/2021\/02\/cobre-4-e1568159041473.jpg",800,400,false],"landscape":["https:\/\/prodelcobre.cl\/nueva\/wp-content\/uploads\/2021\/02\/cobre-4-e1568159041473.jpg",800,400,false],"portraits":["https:\/\/prodelcobre.cl\/nueva\/wp-content\/uploads\/2021\/02\/cobre-4-e1568159041473.jpg",800,400,false],"thumbnail":["https:\/\/prodelcobre.cl\/nueva\/wp-content\/uploads\/2021\/02\/cobre-4-e1568159041473-150x150.jpg",150,150,true],"medium":["https:\/\/prodelcobre.cl\/nueva\/wp-content\/uploads\/2021\/02\/cobre-4-e1568159041473.jpg",800,400,false],"large":["https:\/\/prodelcobre.cl\/nueva\/wp-content\/uploads\/2021\/02\/cobre-4-e1568159041473.jpg",800,400,false],"1536x1536":["https:\/\/prodelcobre.cl\/nueva\/wp-content\/uploads\/2021\/02\/cobre-4-e1568159041473.jpg",800,400,false],"2048x2048":["https:\/\/prodelcobre.cl\/nueva\/wp-content\/uploads\/2021\/02\/cobre-4-e1568159041473.jpg",800,400,false],"morenews-featured":["https:\/\/prodelcobre.cl\/nueva\/wp-content\/uploads\/2021\/02\/cobre-4-e1568159041473.jpg",800,400,false],"morenews-large":["https:\/\/prodelcobre.cl\/nueva\/wp-content\/uploads\/2021\/02\/cobre-4-e1568159041473.jpg",800,400,false],"morenews-medium":["https:\/\/prodelcobre.cl\/nueva\/wp-content\/uploads\/2021\/02\/cobre-4-e1568159041473.jpg",590,295,false],"psacp-medium":["https:\/\/prodelcobre.cl\/nueva\/wp-content\/uploads\/2021\/02\/cobre-4-e1568159041473.jpg",500,250,false]},"rttpg_author":{"display_name":"Francisco P\u00e9rez Alvi\u00e1rez","author_link":"https:\/\/prodelcobre.cl\/nueva\/author\/fperez\/"},"rttpg_comment":0,"rttpg_category":"<a href=\"https:\/\/prodelcobre.cl\/nueva\/category\/chile\/\" rel=\"category tag\">Chile<\/a> <a href=\"https:\/\/prodelcobre.cl\/nueva\/category\/noticias\/\" rel=\"category tag\">Noticias<\/a>","rttpg_excerpt":"Desde el gremio plantearon al Gobierno diversas iniciativas para acelerar la producci\u00f3n en los grandes proyectos y sumar","_links":{"self":[{"href":"https:\/\/prodelcobre.cl\/nueva\/wp-json\/wp\/v2\/posts\/9597","targetHints":{"allow":["GET"]}}],"collection":[{"href":"https:\/\/prodelcobre.cl\/nueva\/wp-json\/wp\/v2\/posts"}],"about":[{"href":"https:\/\/prodelcobre.cl\/nueva\/wp-json\/wp\/v2\/types\/post"}],"author":[{"embeddable":true,"href":"https:\/\/prodelcobre.cl\/nueva\/wp-json\/wp\/v2\/users\/3"}],"replies":[{"embeddable":true,"href":"https:\/\/prodelcobre.cl\/nueva\/wp-json\/wp\/v2\/comments?post=9597"}],"version-history":[{"count":1,"href":"https:\/\/prodelcobre.cl\/nueva\/wp-json\/wp\/v2\/posts\/9597\/revisions"}],"predecessor-version":[{"id":9598,"href":"https:\/\/prodelcobre.cl\/nueva\/wp-json\/wp\/v2\/posts\/9597\/revisions\/9598"}],"wp:featuredmedia":[{"embeddable":true,"href":"https:\/\/prodelcobre.cl\/nueva\/wp-json\/wp\/v2\/media\/3894"}],"wp:attachment":[{"href":"https:\/\/prodelcobre.cl\/nueva\/wp-json\/wp\/v2\/media?parent=9597"}],"wp:term":[{"taxonomy":"category","embeddable":true,"href":"https:\/\/prodelcobre.cl\/nueva\/wp-json\/wp\/v2\/categories?post=9597"},{"taxonomy":"post_tag","embeddable":true,"href":"https:\/\/prodelcobre.cl\/nueva\/wp-json\/wp\/v2\/tags?post=9597"}],"curies":[{"name":"wp","href":"https:\/\/api.w.org\/{rel}","templated":true}]}}