{"id":9648,"date":"2023-11-15T16:54:05","date_gmt":"2023-11-15T19:54:05","guid":{"rendered":"https:\/\/prodelcobre.cl\/nueva\/?p=9648"},"modified":"2023-11-15T16:54:44","modified_gmt":"2023-11-15T19:54:44","slug":"codelco-vemos-claramente-que-las-ventas-de-catodos-en-china-estan-disminuyendo-debido-a-la-expansion-de-la-capacidad-de-fundicion-en-china","status":"publish","type":"post","link":"https:\/\/prodelcobre.cl\/nueva\/codelco-vemos-claramente-que-las-ventas-de-catodos-en-china-estan-disminuyendo-debido-a-la-expansion-de-la-capacidad-de-fundicion-en-china\/","title":{"rendered":"Codelco: \u201cVemos claramente que las ventas de c\u00e1todos en China est\u00e1n disminuyendo debido a la expansi\u00f3n de la capacidad de fundici\u00f3n en China\u201d"},"content":{"rendered":"\n<h2 class=\"wp-block-heading\"><strong>Se\u00f1al\u00f3 Pacheco durante el evento Asia Copper Week que se realiza esta semana en la ciudad de Shanghai.<\/strong><\/h2>\n\n\n\n<p class=\"has-small-font-size\">Agencias: Bloomberg News\/ Yahoo\/ China\u2019s Booming Copper.<\/p>\n\n\n\n<p class=\"has-medium-font-size\">Seg\u00fan Bloomberg News, Codelco, el mayor productor de cobre del mundo, est\u00e1 enviando menos metal rojo a China despu\u00e9s de un fuerte incremento de nueva capacidad interna en la naci\u00f3n asi\u00e1tica, seg\u00fan el presidente del directorio de la cupr\u00edfera chilena, M\u00e1ximo Pacheco.<\/p>\n\n\n\n<p class=\"has-medium-font-size\">\u201cChina seguir\u00e1 siendo un mercado muy estrat\u00e9gico para la empresa estatal chilena\u201d, dijo Pacheco. Pero a\u00f1adi\u00f3 que sus vol\u00famenes de ventas de c\u00e1todos \u2014o cobre refinado\u2014 est\u00e1n bajo presi\u00f3n en medio de un crecimiento porcentual de dos d\u00edgitos en la propia producci\u00f3n china del metal.<\/p>\n\n\n\n<p class=\"has-medium-font-size\">\u201cVemos claramente que las ventas de c\u00e1todos en China est\u00e1n disminuyendo debido a la expansi\u00f3n de la capacidad de fundici\u00f3n en China\u201d y en otras partes de Asia, se\u00f1al\u00f3 Pacheco durante el evento Asia Copper Week, una importante reuni\u00f3n de la industria, consigna Bloomberg.<\/p>\n\n\n\n<p class=\"has-medium-font-size\">Las ventas de cobre de Codelco a China han sido tradicionalmente una referencia para todo el mercado, y las negociaciones anuales de la compa\u00f1\u00eda sobre precios y vol\u00famenes son un indicador clave de la percepci\u00f3n. La firma ha reducido la prima que pretende cobrar a los clientes chinos para el pr\u00f3ximo a\u00f1o en un 36%.<\/p>\n\n\n\n<p class=\"has-medium-font-size\">Pacheco dijo que segu\u00eda siendo \u201cmuy optimista\u201d sobre la demanda general de cobre de China, para la que estim\u00f3 un aumento de un 5% en todo este a\u00f1o. China est\u00e1 avanzando \u201cmuy r\u00e1pido\u201d en la transici\u00f3n energ\u00e9tica, sostuvo, mientras que las terminaciones de viviendas \u2014una fuente clave de consumo de cobre\u2014 se mantienen firmes a pesar de la prolongada crisis inmobiliaria del pa\u00eds.<\/p>\n\n\n\n<p class=\"has-medium-font-size\">Asia seguir\u00eda representando al menos el 40% de las ventas de cobre de Codelco en el futuro, afirm\u00f3 el presidente, frente al 47% del a\u00f1o pasado y alrededor del 60% de hace una d\u00e9cada.<\/p>\n\n\n\n<p class=\"has-medium-font-size\">Pacheco respald\u00f3 un plan del Gobierno chileno para construir una nueva fundici\u00f3n de cobre en el pa\u00eds, y dijo que hay lugar para todos en el mercado. Si bien Codelco apoyar\u00eda el proyecto mediante el suministro de materia prima, la empresa propiamente tal no tiene intenci\u00f3n de construir una fundici\u00f3n, afirm\u00f3 el presidente del Directorio de la estatal chilena.<\/p>\n\n\n\n<p class=\"has-medium-font-size\">Pacheco reiter\u00f3 la reciente proyecci\u00f3n de la compa\u00f1\u00eda sobre que la producci\u00f3n de cobre ser\u00e1 de 1,315 millones de toneladas este a\u00f1o, para aumentar levemente a 1,34 millones de toneladas en 2024.<\/p>\n","protected":false},"excerpt":{"rendered":"<p>Se\u00f1al\u00f3 Pacheco durante el evento Asia Copper Week que se realiza esta semana en la ciudad de Shanghai.<\/p>\n","protected":false},"author":2,"featured_media":9649,"comment_status":"closed","ping_status":"closed","sticky":false,"template":"","format":"standard","meta":{"footnotes":""},"categories":[51,52],"tags":[94,78,101],"class_list":["post-9648","post","type-post","status-publish","format-standard","has-post-thumbnail","hentry","category-chile","category-noticias","tag-china","tag-cobre","tag-codelco"],"rttpg_featured_image_url":{"full":["https:\/\/prodelcobre.cl\/nueva\/wp-content\/uploads\/2023\/11\/LOGO-CODELCO-FOTO-GPI-WEB.jpg",800,465,false],"landscape":["https:\/\/prodelcobre.cl\/nueva\/wp-content\/uploads\/2023\/11\/LOGO-CODELCO-FOTO-GPI-WEB.jpg",800,465,false],"portraits":["https:\/\/prodelcobre.cl\/nueva\/wp-content\/uploads\/2023\/11\/LOGO-CODELCO-FOTO-GPI-WEB.jpg",800,465,false],"thumbnail":["https:\/\/prodelcobre.cl\/nueva\/wp-content\/uploads\/2023\/11\/LOGO-CODELCO-FOTO-GPI-WEB-150x150.jpg",150,150,true],"medium":["https:\/\/prodelcobre.cl\/nueva\/wp-content\/uploads\/2023\/11\/LOGO-CODELCO-FOTO-GPI-WEB.jpg",800,465,false],"large":["https:\/\/prodelcobre.cl\/nueva\/wp-content\/uploads\/2023\/11\/LOGO-CODELCO-FOTO-GPI-WEB.jpg",800,465,false],"1536x1536":["https:\/\/prodelcobre.cl\/nueva\/wp-content\/uploads\/2023\/11\/LOGO-CODELCO-FOTO-GPI-WEB.jpg",800,465,false],"2048x2048":["https:\/\/prodelcobre.cl\/nueva\/wp-content\/uploads\/2023\/11\/LOGO-CODELCO-FOTO-GPI-WEB.jpg",800,465,false],"morenews-featured":["https:\/\/prodelcobre.cl\/nueva\/wp-content\/uploads\/2023\/11\/LOGO-CODELCO-FOTO-GPI-WEB.jpg",800,465,false],"morenews-large":["https:\/\/prodelcobre.cl\/nueva\/wp-content\/uploads\/2023\/11\/LOGO-CODELCO-FOTO-GPI-WEB.jpg",800,465,false],"morenews-medium":["https:\/\/prodelcobre.cl\/nueva\/wp-content\/uploads\/2023\/11\/LOGO-CODELCO-FOTO-GPI-WEB-590x410.jpg",590,410,true],"psacp-medium":["https:\/\/prodelcobre.cl\/nueva\/wp-content\/uploads\/2023\/11\/LOGO-CODELCO-FOTO-GPI-WEB.jpg",500,291,false]},"rttpg_author":{"display_name":"Jorge Pardo","author_link":"https:\/\/prodelcobre.cl\/nueva\/author\/prensa\/"},"rttpg_comment":0,"rttpg_category":"<a href=\"https:\/\/prodelcobre.cl\/nueva\/category\/chile\/\" rel=\"category tag\">Chile<\/a> <a href=\"https:\/\/prodelcobre.cl\/nueva\/category\/noticias\/\" rel=\"category tag\">Noticias<\/a>","rttpg_excerpt":"Se\u00f1al\u00f3 Pacheco durante el evento Asia Copper Week que se realiza esta semana en la ciudad de Shanghai.","_links":{"self":[{"href":"https:\/\/prodelcobre.cl\/nueva\/wp-json\/wp\/v2\/posts\/9648","targetHints":{"allow":["GET"]}}],"collection":[{"href":"https:\/\/prodelcobre.cl\/nueva\/wp-json\/wp\/v2\/posts"}],"about":[{"href":"https:\/\/prodelcobre.cl\/nueva\/wp-json\/wp\/v2\/types\/post"}],"author":[{"embeddable":true,"href":"https:\/\/prodelcobre.cl\/nueva\/wp-json\/wp\/v2\/users\/2"}],"replies":[{"embeddable":true,"href":"https:\/\/prodelcobre.cl\/nueva\/wp-json\/wp\/v2\/comments?post=9648"}],"version-history":[{"count":1,"href":"https:\/\/prodelcobre.cl\/nueva\/wp-json\/wp\/v2\/posts\/9648\/revisions"}],"predecessor-version":[{"id":9650,"href":"https:\/\/prodelcobre.cl\/nueva\/wp-json\/wp\/v2\/posts\/9648\/revisions\/9650"}],"wp:featuredmedia":[{"embeddable":true,"href":"https:\/\/prodelcobre.cl\/nueva\/wp-json\/wp\/v2\/media\/9649"}],"wp:attachment":[{"href":"https:\/\/prodelcobre.cl\/nueva\/wp-json\/wp\/v2\/media?parent=9648"}],"wp:term":[{"taxonomy":"category","embeddable":true,"href":"https:\/\/prodelcobre.cl\/nueva\/wp-json\/wp\/v2\/categories?post=9648"},{"taxonomy":"post_tag","embeddable":true,"href":"https:\/\/prodelcobre.cl\/nueva\/wp-json\/wp\/v2\/tags?post=9648"}],"curies":[{"name":"wp","href":"https:\/\/api.w.org\/{rel}","templated":true}]}}